{"id":725821,"date":"2026-03-30T14:29:33","date_gmt":"2026-03-30T12:29:33","guid":{"rendered":"https:\/\/medandbeauty.com\/uniforma-pro-stylistku-ras-a-nehtu-jak-se-pohodlne-obleknout-a-chranit-se-pred-prachem\/"},"modified":"2026-03-30T14:49:49","modified_gmt":"2026-03-30T12:49:49","slug":"uniforma-pro-stylistku-ras-a-nehtu-jak-se-pohodlne-obleknout-a-chranit-se-pred-prachem","status":"publish","type":"post","link":"https:\/\/medandbeauty.com\/cs\/uniforma-pro-stylistku-ras-a-nehtu-jak-se-pohodlne-obleknout-a-chranit-se-pred-prachem\/","title":{"rendered":"Uniforma pro stylistku \u0159as a neht\u016f &#8211; jak se pohodln\u011b obl\u00e9knout a chr\u00e1nit se p\u0159ed prachem?"},"content":{"rendered":"\n<p>P\u0159esnost, n\u011bkolikahodinov\u00e9 soust\u0159ed\u011bn\u00ed, pr\u00e1ce v nepohodln\u00e9 poloze a v\u0161udyp\u0159\u00edtomn\u00fd prach &#8211; zn\u00ed v\u00e1m to pov\u011bdom\u011b? Pr\u00e1ce stylistky \u0159as a neht\u016f je um\u011bn\u00ed, kter\u00e9 vy\u017eaduje nejen talent, ale tak\u00e9 spr\u00e1vnou p\u0159\u00edpravu. Nejd\u016fle\u017eit\u011bj\u0161\u00edm prvkem t\u00e9to p\u0159\u00edpravy je va\u0161e uniforma. Je to va\u0161e druh\u00e1 k\u016f\u017ee, brn\u011bn\u00ed a vizitka v jednom. Jak si tedy vybrat oble\u010den\u00ed, kter\u00e9 v\u00e1m zajist\u00ed pohodl\u00ed, bezpe\u010d\u00ed a profesion\u00e1ln\u00ed vzhled i b\u011bhem toho nejintenzivn\u011bj\u0161\u00edho pracovn\u00edho dne? P\u0159ipravili jsme pro v\u00e1s obs\u00e1hl\u00e9ho pr\u016fvodce, kter\u00fd v\u00e1m pom\u016f\u017ee se spr\u00e1vn\u011b rozhodnout.     <\/p>\n\n<p>Obsah:<\/p>\n\n<ol class=\"wp-block-list\">\n<li>Profesion\u00e1ln\u00ed image a pohodl\u00ed &#8211; pro\u010d je uniforma va\u0161\u00ed vizitkou?<\/li>\n\n\n\n<li>Tkanina m\u00e1 s\u00edlu! Jak\u00e9 l\u00e1tky na uniformy zvolit? <\/li>\n\n\n\n<li>Dokonal\u00fd st\u0159ih &#8211; spojte styl s funk\u010dnost\u00ed<\/li>\n\n\n\n<li>Ochrann\u00fd \u0161t\u00edt &#8211; jak se vypo\u0159\u00e1dat s prachem a ne\u010distotami?<\/li>\n\n\n\n<li>Vyj\u00e1d\u0159ete se pomoc\u00ed barev &#8211; od tlumen\u00e9 nude a\u017e po energick\u00e9 odst\u00edny.<\/li>\n\n\n\n<li>\u010casto kladen\u00e9 ot\u00e1zky &#8211; ot\u00e1zky a odpov\u011bdi t\u00fdkaj\u00edc\u00ed se obav profesion\u00e1ln\u00edch \u017een<\/li>\n<\/ol>\n\n<h2 class=\"wp-block-heading\">Profesion\u00e1ln\u00ed image a pohodl\u00ed &#8211; pro\u010d je uniforma va\u0161\u00ed vizitkou?<\/h2>\n\n<p>Co v\u00e1s p\u0159i vstupu do kosmetick\u00e9ho salonu zaujme jako prvn\u00ed? Ur\u010dit\u011b v\u00fdzdoba interi\u00e9ru, ale hned potom vzhled person\u00e1lu. Profesionalita za\u010d\u00edn\u00e1 prvn\u00edm dojmem &#8211; a \u00fahledn\u00e9, dob\u0159e padnouc\u00ed oble\u010den\u00ed buduje d\u016fv\u011bru klientky je\u0161t\u011b d\u0159\u00edve, ne\u017e se posad\u00ed. Je to sign\u00e1l, \u017ee p\u0159i\u0161la do rukou odborn\u00edka, kter\u00fd db\u00e1 na ka\u017ed\u00fd detail.   <\/p>\n\n<p>Je v\u0161ak t\u0159eba m\u00edt na pam\u011bti, \u017ee vzhled nen\u00ed v\u0161echno &#8211; v pr\u00e1ci jde p\u0159edev\u0161\u00edm o svobodu. Pot\u0159ebujete oble\u010den\u00ed, kter\u00e9 v\u00e1m umo\u017en\u00ed plnou pohyblivost a nebude v\u00e1s omezovat v pohybu, kdy\u017e si budete precizn\u011b nan\u00e1\u0161et \u0159asy nebo slo\u017eit\u011b zdobit nehty. Va\u0161e oble\u010den\u00ed mus\u00ed b\u00fdt dokonalou kombinac\u00ed estetiky a funk\u010dnosti. Je to investice do pohodl\u00ed, sebev\u011bdom\u00ed a image va\u0161\u00ed zna\u010dky.   <\/p>\n\n<h2 class=\"wp-block-heading\">Tkanina m\u00e1 s\u00edlu! Jak\u00e9 l\u00e1tky na uniformy zvolit? <\/h2>\n\n<p>Kl\u00ed\u010dem k pohodl\u00ed je materi\u00e1l &#8211; ale znamen\u00e1 to, \u017ee mus\u00edte vsadit na 100% bavlnu? Ne nutn\u011b! Modern\u00ed textiln\u00ed technologie nab\u00edzej\u00ed mnohem v\u00edce. Neexistuje jedin\u00e1 ide\u00e1ln\u00ed tkanina &#8211; m\u00edsto toho existuje dokonal\u00e1 sm\u011bs, kter\u00e1 vyhovuje va\u0161im preferenc\u00edm.   <\/p>\n\n<p>Zamyslete se nad t\u00edm, co je pro v\u00e1s nejd\u016fle\u017eit\u011bj\u0161\u00ed. Vzdu\u0161nost? Odolnost proti poma\u010dk\u00e1n\u00ed? Pru\u017enost? Nejlep\u0161\u00ed kosmetick\u00e9 uniformy tyto vlastnosti kombinuj\u00ed. V na\u0161em internetov\u00e9m obchod\u011b najdete dv\u011b \u0159ady, kter\u00e9 spl\u0148uj\u00ed pot\u0159eby r\u016fzn\u00fdch profesion\u00e1ln\u00edch \u017een.     <\/p>\n\n<p><a href=\"https:\/\/medandbeauty.com\/cs\/shop\/pro-ni\/zakladni-kolekce\/\" target=\"_blank\" rel=\"noreferrer noopener\">Z\u00e1kladn\u00ed kolekce Med&amp;Beauty je<\/a> sm\u011bs\u00ed polyesteru, visk\u00f3zy a lycry. Visk\u00f3za poskytuje v\u00fdjime\u010dnou prody\u0161nost a m\u011bkkost, polyester zaji\u0161\u0165uje trvanlivost a odolnost proti ma\u010dk\u00e1n\u00ed a lycra zaji\u0161\u0165uje, \u017ee se uniforma dokonale p\u0159izp\u016fsob\u00ed va\u0161emu t\u011blu. <\/p>\n\n<p><a href=\"https:\/\/medandbeauty.com\/cs\/shop\/pro-ni\/kolekce-premium\/\" target=\"_blank\" rel=\"noreferrer noopener\">Kolekce Premium<\/a> je naopak vyrobena z vysoce kvalitn\u00ed bavlny s nylonem a lycrou. Je to n\u00e1vrh pro milovn\u00edky p\u0159\u00edrodn\u00edch vl\u00e1ken, obohacen\u00fd o modern\u00ed p\u0159\u00edsady, kter\u00e9 zvy\u0161uj\u00ed pohodl\u00ed a odolnost od\u011bvu. D\u00edky tomuto slo\u017een\u00ed je od\u011bv lehk\u00fd, prody\u0161n\u00fd a p\u0159\u00edjemn\u00fd na poko\u017ece i po dlouh\u00fdch hodin\u00e1ch pr\u00e1ce. Od\u011bvy jsou tak\u00e9 odoln\u00e9 a snadno se udr\u017euj\u00ed.   <\/p>\n\n<h2 class=\"wp-block-heading\">Dokonal\u00fd st\u0159ih &#8211; spojte styl s funk\u010dnost\u00ed<\/h2>\n\n<p>Jakmile v\u00edte, jak\u00e1 l\u00e1tka v\u00e1m bude nejl\u00e9pe vyhovovat, je \u010das na st\u0159ih. Oble\u010den\u00ed mus\u00ed pracovat s v\u00e1mi, ne proti v\u00e1m. Zamyslete se nad t\u00edm, jak vypad\u00e1 v\u00e1\u0161 b\u011b\u017en\u00fd pracovn\u00ed den. M\u00e1te p\u0159ev\u00e1\u017en\u011b sedav\u00e9 zam\u011bstn\u00e1n\u00ed, nebo jste neust\u00e1le v pohybu? Odpov\u011b\u010f na tuto ot\u00e1zku v\u00e1m pom\u016f\u017ee vytvo\u0159it dokonalou soupravu d\u00e1msk\u00e9ho zdravotnick\u00e9ho oble\u010den\u00ed.    <\/p>\n\n<p>Na co si d\u00e1t pozor?<\/p>\n\n<ul class=\"wp-block-list\">\n<li><strong>St\u0159ih &#8211; m\u011bl by<\/strong> b\u00fdt m\u00edrn\u011b vypasovan\u00fd, aby zd\u016fraznil postavu a vypadal profesion\u00e1ln\u011b, ale ne p\u0159\u00edli\u0161 podp\u016frn\u011b. <a href=\"https:\/\/medandbeauty.com\/cs\/product\/damske-lekarske-halenky-basic-one-pocket-plum-v-cokoladove-barve\/\" target=\"_blank\" rel=\"noreferrer noopener\">D\u00e1msk\u00e9 halenky zdravotnick\u00fdch \u00fabor\u016f tvarovan\u00e9 v<\/a> pase jsou nejlep\u0161\u00ed volbou bez ohledu na va\u0161i postavu.<\/li>\n\n\n\n<li><strong>Kalhoty &#8211; vyberte si<\/strong> modely s elastick\u00fdm pasem pro celodenn\u00ed pohodl\u00ed. D\u00e1v\u00e1te p\u0159ednost <a href=\"https:\/\/medandbeauty.com\/cs\/product\/damske-zdravotni-kalhoty-scrubs-basic-tutti-frutti-2\/\" target=\"_blank\" rel=\"noreferrer noopener\">b\u011b\u017eeck\u00fdm kalhot\u00e1m na m\u00edru se stahovac\u00ed \u0161\u0148\u016frkou v pase<\/a> nebo klasick\u00fdm \u0161irok\u00fdm nohavic\u00edm? Volba je jen na v\u00e1s!  <\/li>\n\n\n\n<li><strong>Halenky &#8211; v\u00fdst\u0159ih<\/strong> do V zaji\u0161\u0165uje dostate\u010dnou cirkulaci vzduchu. D\u016fle\u017eit\u00e9 jsou tak\u00e9 funk\u010dn\u00ed, diskr\u00e9tn\u00ed kapsy pro ulo\u017een\u00ed nezbytn\u00fdch v\u011bc\u00ed. <\/li>\n<\/ul>\n\n<h2 class=\"wp-block-heading\">Ochrann\u00fd \u0161t\u00edt &#8211; jak se vypo\u0159\u00e1dat s prachem a ne\u010distotami?<\/h2>\n\n<p>Prach z piln\u00edku na nehty nebo v\u00fdpary z laku na nehty jsou va\u0161\u00ed ka\u017edodenn\u00ed rutinou? Chr\u00e1nit se p\u0159ed nimi je prioritou &#8211; jak pro va\u0161e zdrav\u00ed, tak pro vzhled va\u0161eho oble\u010den\u00ed. Va\u0161e uniforma je vystavena neust\u00e1l\u00e9mu zne\u010di\u0161t\u011bn\u00ed, proto je z\u00e1sadn\u00ed, aby se snadno \u010distila a vydr\u017eela \u010dast\u00e9 pran\u00ed. Aby v\u00e1m oble\u010den\u00ed vydr\u017eelo co nejd\u00e9le a vypadalo v\u017edy bezvadn\u011b, je dobr\u00e9 se z\u00e1sobit n\u011bkolika soupravami na p\u0159evle\u010den\u00ed. Vyhnete se tak sp\u011bchu a budete si moci v klidu poradit s p\u0159\u00edpadn\u00fdmi skvrnami.    <\/p>\n\n<p>Nezapom\u00ednejte tak\u00e9 pravideln\u011b pr\u00e1t zdravotn\u00ed od\u011bvy, nejl\u00e9pe speci\u00e1ln\u00edmi dezinfek\u010dn\u00edmi prost\u0159edky, kter\u00e9 p\u016fsob\u00ed ji\u017e p\u0159i 40 stupn\u00edch. To pom\u016f\u017ee zbavit se mikroorganism\u016f a z\u00e1rove\u0148 zachovat kr\u00e1snou barvu a strukturu materi\u00e1lu po del\u0161\u00ed dobu. <\/p>\n\n<p>Nezapome\u0148te tak\u00e9, \u017ee samotn\u00e9 oble\u010den\u00ed nesta\u010d\u00ed. Pro komplexn\u00ed bezpe\u010dnost investujte do profesion\u00e1ln\u00edho pohlcova\u010de prachu, kter\u00fd v\u00fdrazn\u011b sn\u00ed\u017e\u00ed mno\u017estv\u00ed prachu ve vzduchu. A nezapom\u00ednejte na pravideln\u00e9 v\u011btr\u00e1n\u00ed m\u00edstnost\u00ed. Nezbytn\u00e9 jsou tak\u00e9 osobn\u00ed ochrann\u00e9 pom\u016fcky, jako jsou masky, ochrann\u00e9 br\u00fdle a rukavice, kter\u00e9 chr\u00e1n\u00ed d\u00fdchac\u00ed cesty, o\u010di a poko\u017eku rukou.   <\/p>\n\n<h2 class=\"wp-block-heading\">Vyj\u00e1d\u0159ete se pomoc\u00ed barev &#8211; od tlumen\u00e9 nude a\u017e po energick\u00e9 odst\u00edny.<\/h2>\n\n<p>Kdo \u0159\u00edk\u00e1, \u017ee profesion\u00e1ln\u00ed uniforma mus\u00ed b\u00fdt nudn\u00e1? D\u00e1vno pry\u010d jsou doby, kdy jedinou spr\u00e1vnou volbou byla b\u00edl\u00e1. Dnes m\u016f\u017eete vyj\u00e1d\u0159it sv\u016fj styl a p\u0159izp\u016fsobit sv\u016fj od\u011bv charakteru sv\u00e9ho salonu. Rozhodn\u011bte se pro profesion\u00e1ln\u00ed vzhled v m\u00f3dn\u00edm proveden\u00ed!   <\/p>\n\n<p>Nude odst\u00edny &#8211; b\u00e9\u017eov\u00e9, karamelov\u00e9 a hn\u011bd\u00e9 &#8211; jsou velmi elegantn\u00ed a profesion\u00e1ln\u00ed. Jsou univerz\u00e1ln\u00ed, stylov\u00e9 a nikdy nevyjdou z m\u00f3dy. V takov\u00e9m oble\u010den\u00ed budete na sv\u00e9 klienty p\u016fsobit dojmem profesion\u00e1ln\u00ed a elegantn\u00ed osoby. Na ja\u0159e a v l\u00e9t\u011b se m\u016f\u017eete odv\u00e1zat s pastelov\u00fdmi nebo energi\u010dt\u011bj\u0161\u00edmi barvami, kter\u00e9 v\u00e1m dodaj\u00ed el\u00e1n.   <\/p>\n\n<h2 class=\"wp-block-heading\">\u010casto kladen\u00e9 ot\u00e1zky &#8211; ot\u00e1zky a odpov\u011bdi t\u00fdkaj\u00edc\u00ed se obav profesion\u00e1ln\u00edch \u017een<\/h2>\n\n<p><strong>Chr\u00e1n\u00ed pr\u00e9miov\u00e9 od\u011bvy (bavlna\/nylon\/lycra) p\u0159ed prachem l\u00e9pe ne\u017e z\u00e1kladn\u00ed kolekce?<\/strong><\/p>\n\n<ul class=\"wp-block-list\">\n<li>Ano &#8211; pr\u00e9miov\u00e1 \u0159ada s bavlnou a nylonem m\u00e1 hust\u0161\u00ed vazbu, l\u00e9pe blokuje prach a z\u00e1rove\u0148 odv\u00e1d\u00ed vlhkost. Z\u00e1kladn\u00ed kolekce (polyester\/viskoza\/lycra) je leh\u010d\u00ed a pru\u017en\u011bj\u0161\u00ed, tak\u017ee se dob\u0159e uplatn\u00ed tam, kde je pot\u0159eba v\u011bt\u0161\u00ed pohyblivost. <\/li>\n<\/ul>\n\n<p><strong>Jak\u00e9 postupy na pracovi\u0161ti minimalizuj\u00ed expozici prachu p\u0159i pr\u00e1ci s nehty a \u0159asami?<\/strong><\/p>\n\n<ul class=\"wp-block-list\">\n<li>P\u0159i \u0159ez\u00e1n\u00ed pou\u017e\u00edvejte filtra\u010dn\u00ed masky, ods\u00e1va\u010de prachu nebo roho\u017ee, pravideln\u011b vlhce ot\u00edrejte pracovn\u00ed plochy, n\u00e1\u0159ad\u00ed ukl\u00e1dejte do uzav\u0159en\u00fdch n\u00e1dob a po intenzivn\u00ed pr\u00e1ci si vym\u011b\u0148te pracovn\u00ed od\u011bv. Tyto prost\u00e9 n\u00e1vyky v\u00fdrazn\u011b sni\u017euj\u00ed \u0161\u00ed\u0159en\u00ed prachu. <\/li>\n<\/ul>\n\n<p><strong>Jak pr\u00e1t a udr\u017eovat uniformy, aby si zachovaly sv\u00e9 ochrann\u00e9 vlastnosti a vzhled?<\/strong><\/p>\n\n<ul class=\"wp-block-list\">\n<li>P\u0159ed prvn\u00edm pou\u017eit\u00edm od\u011bv vyperte na 40 \u00b0C s podobn\u00fdmi barvami. Od\u011bv v\u017edy \u017eehlete na lev\u00e9 stran\u011b p\u0159i teplot\u011b do 110 \u00b0C. Vyhn\u011bte se siln\u00fdm prac\u00edm prost\u0159edk\u016fm, b\u011blidl\u016fm, su\u0161en\u00ed v bubnov\u00e9 su\u0161i\u010dce a chemick\u00e9mu \u010di\u0161t\u011bn\u00ed. Dodr\u017eov\u00e1n\u00ed t\u011bchto pravidel prodlu\u017euje \u017eivotnost tkanin a pom\u00e1h\u00e1 zachovat jejich ochrann\u00e9 vlastnosti.   <\/li>\n<\/ul>\n\n<p>V\u00fdb\u011br spr\u00e1vn\u00e9 uniformy je v\u011bdom\u00e9 rozhodnut\u00ed, kter\u00e9 ovliv\u0148uje va\u0161e zdrav\u00ed, sebev\u011bdom\u00ed i to, jak v\u00e1s vn\u00edmaj\u00ed va\u0161i klienti. Modern\u00ed, stylov\u00e9 a funk\u010dn\u00ed l\u00e9ka\u0159sk\u00e9 oble\u010den\u00ed je vizitkou va\u0161eho salonu. Obl\u00e9kn\u011bte svou profesionalitu pohodln\u011b a stylov\u011b s Med&amp;Beauty a poci\u0165te rozd\u00edl ka\u017ed\u00fd den!  <\/p>\n","protected":false},"excerpt":{"rendered":"<p>P\u0159esnost, n\u011bkolikahodinov\u00e9 soust\u0159ed\u011bn\u00ed, pr\u00e1ce v nepohodln\u00e9 poloze a v\u0161udyp\u0159\u00edtomn\u00fd prach &#8211; zn\u00ed v\u00e1m to pov\u011bdom\u011b? Pr\u00e1ce stylistky \u0159as a neht\u016f je um\u011bn\u00ed, kter\u00e9 vy\u017eaduje nejen talent, ale tak\u00e9 spr\u00e1vnou p\u0159\u00edpravu. Nejd\u016fle\u017eit\u011bj\u0161\u00edm prvkem t\u00e9to p\u0159\u00edpravy je va\u0161e uniforma. Je to va\u0161e druh\u00e1 k\u016f\u017ee, brn\u011bn\u00ed a vizitka v jednom. Jak si tedy vybrat oble\u010den\u00ed, kter\u00e9 v\u00e1m zajist\u00ed [&hellip;]<\/p>\n","protected":false},"author":43705,"featured_media":357602,"comment_status":"closed","ping_status":"open","sticky":false,"template":"","format":"standard","meta":{"_acf_changed":false,"inline_featured_image":false,"footnotes":""},"categories":[921],"tags":[],"class_list":["post-725821","post","type-post","status-publish","format-standard","has-post-thumbnail","hentry","category-nezarazene"],"acf":[],"_links":{"self":[{"href":"https:\/\/medandbeauty.com\/cs\/wp-json\/wp\/v2\/posts\/725821","targetHints":{"allow":["GET"]}}],"collection":[{"href":"https:\/\/medandbeauty.com\/cs\/wp-json\/wp\/v2\/posts"}],"about":[{"href":"https:\/\/medandbeauty.com\/cs\/wp-json\/wp\/v2\/types\/post"}],"author":[{"embeddable":true,"href":"https:\/\/medandbeauty.com\/cs\/wp-json\/wp\/v2\/users\/43705"}],"replies":[{"embeddable":true,"href":"https:\/\/medandbeauty.com\/cs\/wp-json\/wp\/v2\/comments?post=725821"}],"version-history":[{"count":3,"href":"https:\/\/medandbeauty.com\/cs\/wp-json\/wp\/v2\/posts\/725821\/revisions"}],"predecessor-version":[{"id":725829,"href":"https:\/\/medandbeauty.com\/cs\/wp-json\/wp\/v2\/posts\/725821\/revisions\/725829"}],"wp:featuredmedia":[{"embeddable":true,"href":"https:\/\/medandbeauty.com\/cs\/wp-json\/wp\/v2\/media\/357602"}],"wp:attachment":[{"href":"https:\/\/medandbeauty.com\/cs\/wp-json\/wp\/v2\/media?parent=725821"}],"wp:term":[{"taxonomy":"category","embeddable":true,"href":"https:\/\/medandbeauty.com\/cs\/wp-json\/wp\/v2\/categories?post=725821"},{"taxonomy":"post_tag","embeddable":true,"href":"https:\/\/medandbeauty.com\/cs\/wp-json\/wp\/v2\/tags?post=725821"}],"curies":[{"name":"wp","href":"https:\/\/api.w.org\/{rel}","templated":true}]}}