{"id":840058,"date":"2026-08-31T10:51:32","date_gmt":"2026-08-31T08:51:32","guid":{"rendered":"https:\/\/medandbeauty.com\/prvni-lekarska-praxe-jak-se-pripravit-nez-si-koupite-lekarske-obleceni\/"},"modified":"2026-08-31T10:52:38","modified_gmt":"2026-08-31T08:52:38","slug":"prvni-lekarska-praxe-jak-se-pripravit-nez-si-koupite-lekarske-obleceni","status":"publish","type":"post","link":"https:\/\/medandbeauty.com\/cs\/prvni-lekarska-praxe-jak-se-pripravit-nez-si-koupite-lekarske-obleceni\/","title":{"rendered":"Prvn\u00ed l\u00e9ka\u0159sk\u00e1 praxe \u2013 jak se p\u0159ipravit, ne\u017e si koup\u00edte l\u00e9ka\u0159sk\u00e9 oble\u010den\u00ed?"},"content":{"rendered":"\n<p class=\"wp-block-paragraph\">Prvn\u00ed klinick\u00e1 praxe pat\u0159\u00ed k t\u011bm okam\u017eik\u016fm b\u011bhem studia, na kter\u00e9 se \u010dlov\u011bk t\u011b\u0161\u00ed, ale z\u00e1rove\u0148 je pro\u017e\u00edv\u00e1 s m\u00edrn\u00fdm stresem. Teorie se toti\u017e kone\u010dn\u011b setk\u00e1v\u00e1 s realitou a p\u0159edn\u00e1\u0161kov\u00e9 s\u00e1ly ustupuj\u00ed nemocni\u010dn\u00edm chodb\u00e1m, ordinac\u00edm, poliklinik\u00e1m a dal\u0161\u00edm za\u0159\u00edzen\u00edm, kde \u010dlov\u011bk z\u00edsk\u00e1v\u00e1 sv\u00e9 prvn\u00ed profesn\u00ed zku\u0161enosti. <\/p>\n\n<p class=\"wp-block-paragraph\">A\u0165 u\u017e studujete medic\u00ednu, o\u0161et\u0159ovatelstv\u00ed, fyzioterapii, stomatologii, kosmetologii nebo jin\u00fd obor v oblasti medic\u00edny \u010di kosmetiky, p\u0159ed prvn\u00edm dnem praxe se vyplat\u00ed se dob\u0159e p\u0159ipravit.<\/p>\n\n<p class=\"wp-block-paragraph\">A nejde jen o n\u00e1kup peelingu.<\/p>\n\n<p class=\"wp-block-paragraph\">Ne\u017e za\u010dne\u0161 sestavovat outfit a vyb\u00edrat dopl\u0148ky, zkontroluj, <strong>jak\u00e9 po\u017eadavky klade jak tv\u00e1 vysok\u00e1 \u0161kola, tak konkr\u00e9tn\u00ed pracovi\u0161t\u011b, kam nastupuje\u0161<\/strong>. Tyto po\u017eadavky nemus\u00ed b\u00fdt v\u017edy stejn\u00e9. <\/p>\n\n<p class=\"wp-block-paragraph\">Obsah:<\/p>\n\n<ol class=\"wp-block-list\">\n<li>Nejprve vysok\u00e1 \u0161kola, pak pracovi\u0161t\u011b \u2013 po\u017eadavky si zkontroluj dvakr\u00e1t<\/li>\n\n\n\n<li>Na co se zeptat vedouc\u00edho st\u00e1\u017ee p\u0159ed prvn\u00edm dnem?<\/li>\n\n\n\n<li>Co kdy\u017e tv\u016fj od\u011bv nespl\u0148uje po\u017eadavky dan\u00e9ho za\u0159\u00edzen\u00ed?<\/li>\n\n\n\n<li>Jak\u00e9 pracovn\u00ed oble\u010den\u00ed si vz\u00edt na prvn\u00ed praxi?<\/li>\n\n\n\n<li>Joggingov\u00e9 kalhoty nebo kalhoty s rovn\u00fdmi nohavicemi?<\/li>\n\n\n\n<li>Co si vz\u00edt s sebou na prvn\u00ed den st\u00e1\u017ee? Kontroln\u00ed seznam <\/li>\n\n\n\n<li>Prvn\u00ed den st\u00e1\u017ee \u2013 co m\u016f\u017eete o\u010dek\u00e1vat?<\/li>\n\n\n\n<li>Jedna nebo dv\u011b sady oble\u010den\u00ed na praxi?<\/li>\n\n\n\n<li>Skupinov\u00e1 objedn\u00e1vka? Zeptej se spolu\u017e\u00e1k\u016f ze sv\u00e9ho ro\u010dn\u00edku <\/li>\n\n\n\n<li>Jsi student? Pod\u00edvej se na studentsk\u00fd program Med &amp; Beauty <\/li>\n\n\n\n<li>Prvn\u00ed st\u00e1\u017e? P\u0159iprav se p\u0159edem a dej si na \u010das <\/li>\n<\/ol>\n\n<h2 class=\"wp-block-heading\"><strong>Nejprve vysok\u00e1 \u0161kola, pak pracovi\u0161t\u011b \u2013 po\u017eadavky si zkontroluj dvakr\u00e1t<\/strong><\/h2>\n\n<p class=\"wp-block-paragraph\">Jednou z nej\u010dast\u011bj\u0161\u00edch chyb p\u0159ed prvn\u00edmi st\u00e1\u017eemi je p\u0159edpoklad, \u017ee pokud vysok\u00e1 \u0161kola schv\u00e1lila ur\u010dit\u00fd druh oble\u010den\u00ed, bude automaticky vhodn\u00fd na ka\u017ed\u00e9m m\u00edst\u011b kon\u00e1n\u00ed st\u00e1\u017ee.<\/p>\n\n<p class=\"wp-block-paragraph\">Ne nutn\u011b.<\/p>\n\n<p class=\"wp-block-paragraph\">Vysok\u00e1 \u0161kola m\u016f\u017ee stanovit obecn\u00e9 z\u00e1sady t\u00fdkaj\u00edc\u00ed se oble\u010den\u00ed b\u011bhem praktick\u00fdch cvi\u010den\u00ed, zat\u00edmco <strong>nemocnice, poliklinika, ordinace \u010di jin\u00e9 zdravotnick\u00e9 za\u0159\u00edzen\u00ed mohou m\u00edt vlastn\u00ed \u0159\u00e1d<\/strong>.<\/p>\n\n<p class=\"wp-block-paragraph\">Po\u017eadavky se mohou t\u00fdkat mimo jin\u00e9:<\/p>\n\n<ul class=\"wp-block-list\">\n<li>barva zdravotnick\u00e9ho oble\u010den\u00ed,<\/li>\n\n\n\n<li>n\u011bjak\u00fd druh uniformy,<\/li>\n\n\n\n<li>d\u00e9lka ruk\u00e1v\u016f,<\/li>\n\n\n\n<li>st\u0159ih kalhot,<\/li>\n\n\n\n<li>obuv,<\/li>\n\n\n\n<li>identifik\u00e1toru,<\/li>\n\n\n\n<li>pravidla t\u00fdkaj\u00edc\u00ed se \u0161perk\u016f, hodinek nebo neht\u016f,<\/li>\n\n\n\n<li>zp\u016fsobu \u00fapravy vlas\u016f,<\/li>\n\n\n\n<li>v\u011bci, kter\u00e9 m\u016f\u017ee\u0161 nebo mus\u00ed\u0161 m\u00edt u sebe.<\/li>\n<\/ul>\n\n<p class=\"wp-block-paragraph\">Proto se p\u0159ed zakoupen\u00edm nov\u00e9ho scrubsu vyplat\u00ed prov\u00e9st <strong>dvojitou kontrolu: nejprve si ov\u011b\u0159it po\u017eadavky vysok\u00e9 \u0161koly a pot\u00e9 pravidla platn\u00e1 v konkr\u00e9tn\u00ed instituci<\/strong>.<\/p>\n\n<p class=\"wp-block-paragraph\">Pokud tyto informace nejsou uvedeny v dokumentech t\u00fdkaj\u00edc\u00edch se st\u00e1\u017ee, je nejlep\u0161\u00ed obr\u00e1tit se na vedouc\u00edho st\u00e1\u017ee, koordin\u00e1tora nebo osobu odpov\u011bdnou za organizaci st\u00e1\u017ee.<\/p>\n\n<p class=\"wp-block-paragraph\">P\u00e1r minut str\u00e1ven\u00fdch ov\u011b\u0159en\u00edm si m\u016f\u017ee u\u0161et\u0159it zbyte\u010dn\u00fd stres hned prvn\u00ed den.<\/p>\n\n<h2 class=\"wp-block-heading\"><strong>Na co se zeptat vedouc\u00edho st\u00e1\u017ee p\u0159ed prvn\u00edm dnem?<\/strong><\/h2>\n\n<p class=\"wp-block-paragraph\">Nev\u00ed\u0161, jak\u00e9 informace jsou opravdu d\u016fle\u017eit\u00e9? P\u0159ipravili jsme kr\u00e1tk\u00fd seznam ot\u00e1zek, kter\u00fd m\u016f\u017ee\u0161 vyu\u017e\u00edt p\u0159ed zah\u00e1jen\u00edm st\u00e1\u017ee. <\/p>\n\n<p class=\"wp-block-paragraph\">Zeptejte se:<\/p>\n\n<p class=\"wp-block-paragraph\"><strong>1. Je p\u0159edeps\u00e1na konkr\u00e9tn\u00ed barva zdravotnick\u00e9ho oble\u010den\u00ed?<\/strong><br\/>V n\u011bkter\u00fdch za\u0159\u00edzen\u00edch mohou b\u00fdt barvy uniformy p\u0159i\u0159azeny ke konkr\u00e9tn\u00edm pracovn\u00edm pozic\u00edm, odd\u011blen\u00edm nebo profesn\u00edm skupin\u00e1m.<\/p>\n\n<p class=\"wp-block-paragraph\"><strong>2. Je nutn\u00e9 m\u00edt na sob\u011b chirurgick\u00e9 oble\u010den\u00ed, pl\u00e1\u0161\u0165 nebo oboj\u00ed?<\/strong><br\/>Nep\u0159edpokl\u00e1dejte, \u017ee jedna sada bude vyhovovat na ka\u017ed\u00e9m m\u00edst\u011b.<\/p>\n\n<p class=\"wp-block-paragraph\"><strong>3. Stanovuje za\u0159\u00edzen\u00ed po\u017eadavky na st\u0159ih kalhot?<\/strong><br\/>Je dobr\u00e9 v\u011bd\u011bt, jestli si m\u016f\u017ee\u0161 obl\u00e9ct joggery, nebo zda jsou vy\u017eadov\u00e1ny kalhoty s rovn\u00fdmi nohavicemi.<\/p>\n\n<p class=\"wp-block-paragraph\"><strong>4. Jak\u00e1 obuv je povolena?<\/strong><br\/>Zeptejte se na po\u017eadovanou barvu, typ podr\u00e1\u017eky, zakryt\u00ed prst\u016f a paty a na mo\u017enost pou\u017eit\u00ed konkr\u00e9tn\u00edho typu zdravotnick\u00e9 obuvi.<\/p>\n\n<p class=\"wp-block-paragraph\"><strong>5. Pot\u0159ebuji vlastn\u00ed identifika\u010dn\u00ed \u010d\u00edslo?<\/strong><br\/>N\u011bkdy jej zaji\u0161\u0165uje pracovi\u0161t\u011b, jindy vysok\u00e1 \u0161kola a v dal\u0161\u00edch p\u0159\u00edpadech je t\u0159eba jej p\u0159ipravit samostatn\u011b v souladu s pokyny.<\/p>\n\n<p class=\"wp-block-paragraph\"><strong>6. Plat\u00ed n\u011bjak\u00e1 dal\u0161\u00ed pravidla ohledn\u011b vzhledu?<\/strong><br\/>To se t\u00fdk\u00e1 mimo jin\u00e9 neht\u016f, \u0161perk\u016f, hodinek, vlas\u016f a dal\u0161\u00edch prvk\u016f, kter\u00e9 mohou m\u00edt v\u00fdznam z hygienick\u00fdch a organiza\u010dn\u00edch d\u016fvod\u016f.<\/p>\n\n<p class=\"wp-block-paragraph\"><strong>7. Co si m\u00e1m vz\u00edt s sebou prvn\u00ed den?<\/strong><br\/>D\u00edky tomu se vyhnete jak zapomenut\u00ed pot\u0159ebn\u00fdch v\u011bc\u00ed, tak i tomu, \u017ee si \u201epro ka\u017ed\u00fd p\u0159\u00edpad\u201c vezmete polovinu bytu.<\/p>\n\n<p class=\"wp-block-paragraph\">Pokud n\u011bco nev\u00ed\u0161, <strong>opravdu se vyplat\u00ed se zeptat<\/strong>. Od \u010dlov\u011bka, kter\u00fd nastupuje na svou prvn\u00ed praxi, by nikdo nem\u011bl o\u010dek\u00e1vat, \u017ee bude zn\u00e1t v\u0161echna pravidla dan\u00e9ho pracovi\u0161t\u011b je\u0161t\u011b p\u0159edt\u00edm, ne\u017e do n\u011bj v\u016fbec vstoup\u00ed. <\/p>\n\n<h2 class=\"wp-block-heading\"><strong>Co kdy\u017e tv\u016fj od\u011bv nespl\u0148uje po\u017eadavky dan\u00e9ho za\u0159\u00edzen\u00ed?<\/strong><\/h2>\n\n<p class=\"wp-block-paragraph\">To je jeden z d\u016fvod\u016f, pro\u010d je lep\u0161\u00ed si p\u0159ed n\u00e1kupem zdravotnick\u00e9ho oble\u010den\u00ed nejprve prostudovat obchodn\u00ed podm\u00ednky.<\/p>\n\n<p class=\"wp-block-paragraph\">Pokud tv\u00e9 oble\u010den\u00ed nen\u00ed v souladu s pravidly platn\u00fdmi v dan\u00e9m m\u00edst\u011b, m\u016f\u017ee\u0161 b\u00fdt po\u017e\u00e1d\u00e1n\/a o jeho zm\u011bnu. V z\u00e1vislosti na dan\u00e9m za\u0159\u00edzen\u00ed a charakteru st\u00e1\u017ee m\u016f\u017ee nedostate\u010dn\u00e9 oble\u010den\u00ed tak\u00e9 znamenat, \u017ee <strong>se nebude\u0161 moci \u00fa\u010dastnit \u010d\u00e1sti v\u00fduky, dokud nespln\u00ed\u0161 dan\u00e9 po\u017eadavky<\/strong>. <\/p>\n\n<p class=\"wp-block-paragraph\">Zvl\u00e1\u0161t\u011b d\u016fle\u017eit\u00e9 jsou ot\u00e1zky t\u00fdkaj\u00edc\u00ed se hygieny, bezpe\u010dnosti a vnit\u0159n\u00edch postup\u016f dan\u00e9ho za\u0159\u00edzen\u00ed.<\/p>\n\n<p class=\"wp-block-paragraph\">Proto i kdy\u017e jsi na\u0161el nebo na\u0161la ide\u00e1ln\u00ed l\u00e9ka\u0159sk\u00e9 oble\u010den\u00ed ve sv\u00e9 obl\u00edben\u00e9 barv\u011b, <strong>nejprve se ujisti, \u017ee si ho m\u016f\u017ee\u0161 obl\u00e9ct na praxi<\/strong>.<\/p>\n\n<p class=\"wp-block-paragraph\">Tot\u00e9\u017e plat\u00ed pro obuv a dopl\u0148ky uniformy.<\/p>\n\n<h2 class=\"wp-block-heading\"><strong>Jak\u00e9 opera\u010dn\u00ed oble\u010den\u00ed si vz\u00edt na prvn\u00ed st\u00e1\u017e?<\/strong><\/h2>\n\n<p class=\"wp-block-paragraph\">Jakmile u\u017e v\u00ed\u0161, jak\u00e9 po\u017eadavky plat\u00ed v m\u00edst\u011b tv\u00e9 st\u00e1\u017ee, m\u016f\u017ee\u0161 p\u0159istoupit k v\u00fdb\u011bru vhodn\u00e9ho zdravotnick\u00e9ho oble\u010den\u00ed.<\/p>\n\n<p class=\"wp-block-paragraph\">V t\u00e9to f\u00e1zi jsou nejd\u016fle\u017eit\u011bj\u0161\u00ed p\u0159edev\u0161\u00edm <strong>pohodl\u00ed, spr\u00e1vn\u00e1 velikost, volnost pohybu, funk\u010dn\u00ed materi\u00e1l a praktick\u00e1 \u0159e\u0161en\u00ed<\/strong>, jako jsou kapsy. B\u011bhem praxe m\u016f\u017ee\u0161 v uniform\u011b str\u00e1vit mnoho hodin, proto by ti oble\u010den\u00ed nem\u011blo omezovat pohyby ani vy\u017eadovat neust\u00e1l\u00e9 upravov\u00e1n\u00ed. <\/p>\n\n<p class=\"wp-block-paragraph\">Nebudeme v\u0161ak opakovat cel\u00fd proces v\u00fdb\u011bru vhodn\u00e9 sady.<\/p>\n\n<p class=\"wp-block-paragraph\"><strong>Kompletn\u00edho pr\u016fvodce v\u00fdb\u011brem prvn\u00edho opera\u010dn\u00edho oble\u010den\u00ed najdete v jin\u00e9m z na\u0161ich \u010dl\u00e1nk\u016f \u2013 <\/strong> <a href=\"https:\/\/medandbeauty.com\/cs\/zdravotnicke-obleceni-pro-studenty-ktere-si-vybrat-najdete-si-sve-prvni-satstvo\/\" data-type=\"link\" data-id=\"https:\/\/medandbeauty.com\/odziez-medyczna-dla-studentow-jaka-wybrac-znajdz-swoj-pierwszy-scrubs\/\">Zdravotnick\u00e9 oble\u010den\u00ed pro studenty \u2013 jak\u00e9 si vybrat?<\/a><\/p>\n\n<h2 class=\"wp-block-heading\"><strong>Joggingov\u00e9 kalhoty nebo kalhoty s rovnou nohavic\u00ed?<\/strong><\/h2>\n\n<p class=\"wp-block-paragraph\">Pokud p\u0159edpisy dan\u00e9ho za\u0159\u00edzen\u00ed povoluj\u00ed ob\u011b varianty, vyvst\u00e1v\u00e1 ot\u00e1zka: <strong>joggery, nebo klasick\u00e9 l\u00e9ka\u0159sk\u00e9 kalhoty s rovn\u00fdmi nohavicemi?<\/strong><\/p>\n\n<p class=\"wp-block-paragraph\">L\u00e9ka\u0159sk\u00e9 joggery maj\u00ed v oblasti kotn\u00edku elastick\u00fd lem. D\u00edky tomu nohavice z\u016fst\u00e1vaj\u00ed na sv\u00e9m m\u00edst\u011b p\u0159i ch\u016fzi, oh\u00fdb\u00e1n\u00ed se nebo p\u0159i prov\u00e1d\u011bn\u00ed r\u016fzn\u00fdch \u010dinnost\u00ed. Toto \u0159e\u0161en\u00ed si r\u00e1dy vol\u00ed lid\u00e9, kte\u0159\u00ed maj\u00ed r\u00e1di sportovn\u011bj\u0161\u00ed a modern\u011bj\u0161\u00ed st\u0159ih.  <\/p>\n\n<p class=\"wp-block-paragraph\">Kalhoty s rovn\u00fdmi nohavicemi maj\u00ed sp\u00ed\u0161e klasick\u00fd charakter. Voln\u011bj\u0161\u00ed st\u0159ih v doln\u00ed \u010d\u00e1sti m\u016f\u017ee b\u00fdt pohodln\u00fd pro ty, kte\u0159\u00ed nemaj\u00ed r\u00e1di man\u017eety u kotn\u00edk\u016f nebo d\u00e1vaj\u00ed p\u0159ednost tradi\u010dn\u011bj\u0161\u00edmu vzhledu uniformy. <\/p>\n\n<p class=\"wp-block-paragraph\">Neexistuje jedin\u00e1 spr\u00e1vn\u00e1 odpov\u011b\u010f na to, kter\u00fd st\u0159ih je lep\u0161\u00ed. Hodn\u011b z\u00e1le\u017e\u00ed na tv\u00fdch preferenc\u00edch, postav\u011b a tak\u00e9 na tom, v \u010dem se prost\u011b c\u00edt\u00ed\u0161 dob\u0159e. <\/p>\n\n<p class=\"wp-block-paragraph\">Nejd\u016fle\u017eit\u011bj\u0161\u00ed pravidlo v\u0161ak zn\u00ed: <strong>nejprve \u0159\u00e1d za\u0159\u00edzen\u00ed, pak styl<\/strong>.<\/p>\n\n<p class=\"wp-block-paragraph\">Pokud si m\u016f\u017ee\u0161 vybrat ob\u011b mo\u017enosti, klidn\u011b se \u0159i\u010f t\u00edm, co je pro tebe pohodln\u011bj\u0161\u00ed.<\/p>\n\n<h2 class=\"wp-block-heading\"><strong>Co si vz\u00edt s sebou na prvn\u00ed den st\u00e1\u017ee? Kontroln\u00ed seznam <\/strong><\/h2>\n\n<p class=\"wp-block-paragraph\">Ve\u010der p\u0159ed prvn\u00edm dnem je lep\u0161\u00ed si sbalit ta\u0161ku, ne\u017e to d\u011blat r\u00e1no ve sp\u011bchu.<\/p>\n\n<p class=\"wp-block-paragraph\">Tv\u016fj seznam bude z\u00e1viset na vysok\u00e9 \u0161kole a m\u00edst\u011b st\u00e1\u017ee, ale z\u00e1kladn\u00ed seznam m\u016f\u017ee vypadat n\u00e1sledovn\u011b:<\/p>\n\n<p class=\"wp-block-paragraph\">\u2610 Kompletn\u00ed opera\u010dn\u00ed od\u011bv nebo jin\u00e1 po\u017eadovan\u00e1 uniforma<br\/>\u2610 Pohodln\u00e1 obuv na p\u0159evle\u010den\u00ed<br\/>\u2610 Identifika\u010dn\u00ed pr\u016fkaz<br\/>\u2610 Po\u017eadovan\u00e9 dokumenty t\u00fdkaj\u00edc\u00ed se st\u00e1\u017ee<br\/>\u2610 Pozn\u00e1mkov\u00fd blok nebo mal\u00fd z\u00e1pisn\u00edk<br\/>\u2610 Kuli\u010dkov\u00e9 pero \u2013 nejl\u00e9pe v\u00edce ne\u017e jedno<br\/>\u2610 Dal\u0161\u00ed p\u00e1r pono\u017eek<br\/>\u2610 Gumi\u010dka nebo sponka do vlas\u016f, pokud ji pot\u0159ebujete<br\/>\u2610 Voda<br\/>\u2610 Lehk\u00e9 j\u00eddlo nebo sva\u010dina, pokud to denn\u00ed program umo\u017e\u0148uje<br\/>\u2610 Dal\u0161\u00ed pom\u016fcky po\u017eadovan\u00e9 vysokou \u0161kolou nebo instituc\u00ed<\/p>\n\n<p class=\"wp-block-paragraph\">Stoj\u00ed tak\u00e9 za to si p\u0159ipravit <strong>n\u00e1hradn\u00ed kus oble\u010den\u00ed<\/strong>, pokud to povaha praxe vy\u017eaduje a m\u00e1te mo\u017enost jej na m\u00edst\u011b uschovat. Nebude se hodit v\u017edy, ale p\u0159i n\u011bkolikahodinov\u00e9m praktick\u00e9m dni se m\u016f\u017ee dal\u0161\u00ed tri\u010dko, pono\u017eky nebo druh\u00e1 sada oble\u010den\u00ed uk\u00e1zat jako velmi u\u017eite\u010dn\u00e9. <\/p>\n\n<p class=\"wp-block-paragraph\">S po\u010dtem v\u011bc\u00ed to v\u0161ak nep\u0159eh\u00e1n\u011bj. Prvn\u00ed den se dozv\u00ed\u0161 mnohem v\u00edc o organizaci pr\u00e1ce a brzy zjist\u00ed\u0161, co se opravdu vyplat\u00ed m\u00edt u sebe. <\/p>\n\n<h2 class=\"wp-block-heading\"><strong>Prvn\u00ed den st\u00e1\u017ee \u2013 co m\u016f\u017eete o\u010dek\u00e1vat?<\/strong><\/h2>\n\n<p class=\"wp-block-paragraph\">M\u016f\u017ee\u0161 si p\u0159ipravit perfektn\u00ed oble\u010den\u00ed, t\u0159ikr\u00e1t si p\u0159e\u010d\u00edst pravidla a sbalit si v\u0161echno podle kontroln\u00edho seznamu, a p\u0159esto r\u00e1no poc\u00edtit stres \u2013 to je norm\u00e1ln\u00ed.<\/p>\n\n<p class=\"wp-block-paragraph\">Prvn\u00ed st\u00e1\u017e znamen\u00e1 vstup do zcela nov\u00e9ho prost\u0159ed\u00ed. Mo\u017en\u00e1 nebude\u0161 v\u011bd\u011bt, kam si odlo\u017eit sv\u00e9 v\u011bci, na koho se obr\u00e1tit, jak vypad\u00e1 denn\u00ed rozvrh ani co p\u0159esn\u011b od tebe bude tv\u016fj vedouc\u00ed o\u010dek\u00e1vat. <\/p>\n\n<p class=\"wp-block-paragraph\">Prvn\u00ed den \u010dasto zab\u00edraj\u00ed hodn\u011b \u010dasu pr\u00e1v\u011b organiza\u010dn\u00ed z\u00e1le\u017eitosti: sezn\u00e1men\u00ed se s t\u00fdmem, pracovi\u0161t\u011bm, platn\u00fdmi pravidly a rozsahem \u010dinnost\u00ed, kter\u00e9 m\u016f\u017ee student vykon\u00e1vat.<\/p>\n\n<p class=\"wp-block-paragraph\">Neo\u010dek\u00e1vej od sebe, \u017ee se bude\u0161 hned od prvn\u00ed hodiny c\u00edtit naprosto uvoln\u011bn\u011b.<\/p>\n\n<p class=\"wp-block-paragraph\"><strong>St\u00e1\u017ee jsou pr\u00e1v\u011b proto, aby se \u010dlov\u011bk u\u010dil.<\/strong><\/p>\n\n<p class=\"wp-block-paragraph\">Ptejte se, sledujte, zapisujte si d\u016fle\u017eit\u00e9 informace a vyu\u017e\u00edvejte p\u0159\u00edle\u017eitosti k z\u00edsk\u00e1v\u00e1n\u00ed zku\u0161enost\u00ed. S ka\u017ed\u00fdm dal\u0161\u00edm dnem by se v\u011bci, kter\u00e9 se zpo\u010d\u00e1tku zd\u00e1ly stresuj\u00edc\u00ed nebo slo\u017eit\u00e9, m\u011bly st\u00e1vat \u010d\u00edm d\u00e1l t\u00edm p\u0159irozen\u011bj\u0161\u00edmi. <\/p>\n\n<h2 class=\"wp-block-heading\"><strong>Jedna nebo dv\u011b sady oble\u010den\u00ed na st\u00e1\u017e?<\/strong><\/h2>\n\n<p class=\"wp-block-paragraph\">Pokud st\u00e1\u017e trv\u00e1 n\u011bkolik dn\u00ed nebo se kon\u00e1 pravideln\u011b, m\u016f\u017ee druh\u00e1 sada zdravotnick\u00e9ho oble\u010den\u00ed v\u00fdrazn\u011b usnadnit organizaci.<\/p>\n\n<p class=\"wp-block-paragraph\">Pracovn\u00ed od\u011bvy je t\u0159eba pravideln\u011b pr\u00e1t, a p\u0159i st\u00e1\u017e\u00edch, kter\u00e9 prob\u00edhaj\u00ed den za dnem, se m\u016f\u017ee jedna sada rychle uk\u00e1zat jako nedostate\u010dn\u00e1.<\/p>\n\n<p class=\"wp-block-paragraph\">To v\u0161ak neznamen\u00e1, \u017ee si je\u0161t\u011b p\u0159ed prvn\u00edm dnem mus\u00ed\u0161 hned koupit n\u011bkolik stejn\u00fdch sad.<\/p>\n\n<p class=\"wp-block-paragraph\">Dobr\u00fdm \u0159e\u0161en\u00edm je po\u0159\u00eddit si prvn\u00ed sadu, vyzkou\u0161et si ji b\u011bhem praxe a teprve pot\u00e9 se rozhodnout, zda je pro v\u00e1s konkr\u00e9tn\u00ed st\u0159ih, styl a velikost vhodn\u00e9.<\/p>\n\n<p class=\"wp-block-paragraph\">Pokud se osv\u011bd\u010d\u00ed, m\u016f\u017ee\u0161 si po\u0159\u00eddit dal\u0161\u00ed uniformy bez rizika, \u017ee ti ve sk\u0159\u00edni z\u016fstanou kousky, kter\u00e9 nerad nos\u00ed\u0161.<\/p>\n\n<h2 class=\"wp-block-heading\"><strong>Skupinov\u00e1 objedn\u00e1vka? Zeptej se spolu\u017e\u00e1k\u016f ze sv\u00e9ho ro\u010dn\u00edku <\/strong><\/h2>\n\n<p class=\"wp-block-paragraph\">P\u0159ed zah\u00e1jen\u00edm praxe se tak\u00e9 vyplat\u00ed promluvit si s ostatn\u00edmi \u010dleny skupiny nebo ro\u010dn\u00edku. Je velmi pravd\u011bpodobn\u00e9, \u017ee jste v\u0161ichni dostali stejn\u00e9 pokyny ohledn\u011b uniformy. <\/p>\n\n<p class=\"wp-block-paragraph\">Je to vhodn\u00e1 p\u0159\u00edle\u017eitost k v\u00fdm\u011bn\u011b informac\u00ed, k ov\u011b\u0159en\u00ed, zda spr\u00e1vn\u011b ch\u00e1pete pokyny, a p\u0159\u00edpadn\u011b ke spole\u010dn\u00e9mu sestaven\u00ed oble\u010den\u00ed.<\/p>\n\n<p class=\"wp-block-paragraph\"><strong>Med &amp; Beauty umo\u017e\u0148uje student\u016fm zad\u00e1vat hromadn\u00e9 objedn\u00e1vky na zdravotnick\u00e9 od\u011bvy<\/strong>, d\u00edky \u010demu\u017e se cvi\u010debn\u00ed skupina nebo v\u011bt\u0161\u00ed \u010d\u00e1st ro\u010dn\u00edku m\u016f\u017ee spole\u010dn\u011b p\u0159ipravit na praxi.<\/p>\n\n<h2 class=\"wp-block-heading\"><strong>Jsi student? Pod\u00edvej se na <a href=\"https:\/\/medandbeauty.com\/cs\/studenti\/\" data-type=\"link\" data-id=\"https:\/\/medandbeauty.com\/studenci\/\">studentsk\u00fd program Med &amp; Beauty<\/a> <\/strong><\/h2>\n\n<p class=\"wp-block-paragraph\">Za\u010d\u00e1tek st\u00e1\u017ee \u010dasto znamen\u00e1 dal\u0161\u00ed v\u00fddaje \u2013 od oble\u010den\u00ed a obuvi a\u017e po pom\u016fcky pot\u0159ebn\u00e9 b\u011bhem v\u00fduky.<\/p>\n\n<p class=\"wp-block-paragraph\">Pokud studuje\u0161 obor v oblasti medic\u00edny nebo kosmetiky, m\u016f\u017ee\u0161 vyu\u017e\u00edt <a href=\"https:\/\/medandbeauty.com\/cs\/studenti\/\" data-type=\"link\" data-id=\"https:\/\/medandbeauty.com\/studenci\/\"><strong>studentsk\u00fd program Med &amp; Beauty<\/strong>.<\/a><\/p>\n\n<p class=\"wp-block-paragraph\">Po zalo\u017een\u00ed \u00fa\u010dtu a \u00fasp\u011b\u0161n\u00e9m ov\u011b\u0159en\u00ed statusu studenta z\u00edsk\u00e1te <strong>trvalou slevu 15 % na n\u00e1kup zdravotnick\u00e9ho oble\u010den\u00ed<\/strong>.<\/p>\n\n<p class=\"wp-block-paragraph\">D\u00edky tomu je snaz\u0161\u00ed po\u0159\u00eddit si prvn\u00ed sadu a pozd\u011bji, pokud to bude pot\u0159eba, i dal\u0161\u00ed uniformy na praxi.<\/p>\n\n<h2 class=\"wp-block-heading\">Shrnut\u00ed:  <strong>Prvn\u00ed st\u00e1\u017e? P\u0159iprav se p\u0159edem a dej si na to \u010das <\/strong><\/h2>\n\n<p class=\"wp-block-paragraph\">Prvn\u00ed l\u00e9ka\u0159sk\u00e9 st\u00e1\u017ee p\u0159edstavuj\u00ed d\u016fle\u017eitou etapu studia. Je to okam\u017eik, kdy znalosti z\u00edskan\u00e9 b\u011bhem p\u0159edn\u00e1\u0161ek a cvi\u010den\u00ed za\u010d\u00ednaj\u00ed nab\u00fdvat zcela jin\u00e9ho v\u00fdznamu. <\/p>\n\n<p class=\"wp-block-paragraph\">Nemus\u00ed\u0161 v\u0161ak v\u011bd\u011bt v\u0161echno hned prvn\u00ed den.<\/p>\n\n<p class=\"wp-block-paragraph\">Ne\u017e za\u010dne\u0161 s prax\u00ed, p\u0159edev\u0161\u00edm <strong>si ov\u011b\u0159 po\u017eadavky vysok\u00e9 \u0161koly a konkr\u00e9tn\u00edho pracovi\u0161t\u011b<\/strong>, v p\u0159\u00edpad\u011b nejasnost\u00ed se obra\u0165 na sv\u00e9ho \u0161kolitele, p\u0159iprav si po\u017eadovan\u00e9 dokumenty a teprve pot\u00e9 si po\u0159i\u010f vhodn\u00e9 oble\u010den\u00ed.<\/p>\n\n<p class=\"wp-block-paragraph\">Ve\u010der p\u0159ed prvn\u00edm dnem si sbal ta\u0161ku podle kontroln\u00edho seznamu, p\u0159iprav si uniformu a r\u00e1no si vyhra\u010f trochu v\u00edce \u010dasu.<\/p>\n\n<p class=\"wp-block-paragraph\">A co pak?<\/p>\n\n<p class=\"wp-block-paragraph\"><strong>Ptejte se, sledujte a vyu\u017e\u00edvejte p\u0159\u00edle\u017eitosti k u\u010den\u00ed. Prvn\u00ed den je jen ten prvn\u00ed. Ka\u017ed\u00fd dal\u0161\u00ed u\u017e bude o n\u011bco snaz\u0161\u00ed.  <\/strong><\/p>\n\n<p class=\"wp-block-paragraph\">Hodn\u011b \u0161t\u011bst\u00ed na praxi \u2013 dr\u017e\u00edme ti palce!<\/p>\n","protected":false},"excerpt":{"rendered":"<p>Prvn\u00ed klinick\u00e1 praxe pat\u0159\u00ed k t\u011bm okam\u017eik\u016fm b\u011bhem studia, na kter\u00e9 se \u010dlov\u011bk t\u011b\u0161\u00ed, ale z\u00e1rove\u0148 je pro\u017e\u00edv\u00e1 s m\u00edrn\u00fdm stresem. Teorie se toti\u017e kone\u010dn\u011b setk\u00e1v\u00e1 s realitou a p\u0159edn\u00e1\u0161kov\u00e9 s\u00e1ly ustupuj\u00ed nemocni\u010dn\u00edm chodb\u00e1m, ordinac\u00edm, poliklinik\u00e1m a dal\u0161\u00edm za\u0159\u00edzen\u00edm, kde \u010dlov\u011bk z\u00edsk\u00e1v\u00e1 sv\u00e9 prvn\u00ed profesn\u00ed zku\u0161enosti. A\u0165 u\u017e studujete medic\u00ednu, o\u0161et\u0159ovatelstv\u00ed, fyzioterapii, stomatologii, kosmetologii nebo [&hellip;]<\/p>\n","protected":false},"author":47805,"featured_media":840049,"comment_status":"closed","ping_status":"open","sticky":false,"template":"","format":"standard","meta":{"_acf_changed":false,"inline_featured_image":false,"footnotes":""},"categories":[921],"tags":[],"class_list":["post-840058","post","type-post","status-publish","format-standard","has-post-thumbnail","hentry","category-nezarazene"],"acf":[],"_links":{"self":[{"href":"https:\/\/medandbeauty.com\/cs\/wp-json\/wp\/v2\/posts\/840058","targetHints":{"allow":["GET"]}}],"collection":[{"href":"https:\/\/medandbeauty.com\/cs\/wp-json\/wp\/v2\/posts"}],"about":[{"href":"https:\/\/medandbeauty.com\/cs\/wp-json\/wp\/v2\/types\/post"}],"author":[{"embeddable":true,"href":"https:\/\/medandbeauty.com\/cs\/wp-json\/wp\/v2\/users\/47805"}],"replies":[{"embeddable":true,"href":"https:\/\/medandbeauty.com\/cs\/wp-json\/wp\/v2\/comments?post=840058"}],"version-history":[{"count":1,"href":"https:\/\/medandbeauty.com\/cs\/wp-json\/wp\/v2\/posts\/840058\/revisions"}],"predecessor-version":[{"id":840060,"href":"https:\/\/medandbeauty.com\/cs\/wp-json\/wp\/v2\/posts\/840058\/revisions\/840060"}],"wp:featuredmedia":[{"embeddable":true,"href":"https:\/\/medandbeauty.com\/cs\/wp-json\/wp\/v2\/media\/840049"}],"wp:attachment":[{"href":"https:\/\/medandbeauty.com\/cs\/wp-json\/wp\/v2\/media?parent=840058"}],"wp:term":[{"taxonomy":"category","embeddable":true,"href":"https:\/\/medandbeauty.com\/cs\/wp-json\/wp\/v2\/categories?post=840058"},{"taxonomy":"post_tag","embeddable":true,"href":"https:\/\/medandbeauty.com\/cs\/wp-json\/wp\/v2\/tags?post=840058"}],"curies":[{"name":"wp","href":"https:\/\/api.w.org\/{rel}","templated":true}]}}