{"id":725819,"date":"2026-03-30T14:29:33","date_gmt":"2026-03-30T12:29:33","guid":{"rendered":"https:\/\/medandbeauty.com\/egyenruha-a-szempilla-es-koromstylistnak-hogyan-oltozzunk-kenyelmesen-es-vedekezzunk-a-por-ellen\/"},"modified":"2026-03-30T14:49:41","modified_gmt":"2026-03-30T12:49:41","slug":"egyenruha-a-szempilla-es-koromstylistnak-hogyan-oltozzunk-kenyelmesen-es-vedekezzunk-a-por-ellen","status":"publish","type":"post","link":"https:\/\/medandbeauty.com\/hu\/egyenruha-a-szempilla-es-koromstylistnak-hogyan-oltozzunk-kenyelmesen-es-vedekezzunk-a-por-ellen\/","title":{"rendered":"Egyenruha a szempilla- \u00e9s k\u00f6r\u00f6mstylistnak &#8211; hogyan \u00f6lt\u00f6zz\u00fcnk k\u00e9nyelmesen \u00e9s v\u00e9dekezz\u00fcnk a por ellen?"},"content":{"rendered":"\n<p>Precizit\u00e1s, \u00f3r\u00e1kon \u00e1t tart\u00f3 koncentr\u00e1ci\u00f3, k\u00e9nyelmetlen helyzetben v\u00e9gzett munka \u00e9s az \u00e1lland\u00f3an jelenl\u00e9v\u0151 por &#8211; ismer\u0151sen hangzik? A szempilla- \u00e9s k\u00f6r\u00f6mstylist munk\u00e1ja olyan m\u0171v\u00e9szet, amely nemcsak tehets\u00e9get, hanem megfelel\u0151 felk\u00e9sz\u00fclts\u00e9get is ig\u00e9nyel. Ennek a felk\u00e9sz\u00fcl\u00e9snek a legfontosabb eleme az egyenruha. Ez a m\u00e1sodik b\u0151r\u00f6d, p\u00e1nc\u00e9l \u00e9s n\u00e9vjegyk\u00e1rtya egyben. Hogyan v\u00e1lasszon teh\u00e1t olyan \u00f6lt\u00f6z\u00e9ket, amely k\u00e9nyelmes, biztons\u00e1gos \u00e9s professzion\u00e1lis megjelen\u00e9st biztos\u00edt m\u00e9g a legintenz\u00edvebb munkanapon is? \u00d6ssze\u00e1ll\u00edtottunk egy \u00e1tfog\u00f3 \u00fatmutat\u00f3t, amely seg\u00edt a helyes d\u00f6nt\u00e9s meghozatal\u00e1ban.     <\/p>\n\n<p>Tartalomjegyz\u00e9k:<\/p>\n\n<ol class=\"wp-block-list\">\n<li>Professzion\u00e1lis megjelen\u00e9s \u00e9s k\u00e9nyelem &#8211; mi\u00e9rt az egyenruha a n\u00e9vjegye?<\/li>\n\n\n\n<li>A sz\u00f6vetnek ereje van! Melyik egys\u00e9ges sz\u00f6vetet v\u00e1lasszuk? <\/li>\n\n\n\n<li>A t\u00f6k\u00e9letes szab\u00e1s &#8211; kombin\u00e1lja a st\u00edlust a funkcionalit\u00e1ssal<\/li>\n\n\n\n<li>V\u00e9d\u0151pajzs &#8211; hogyan kezelj\u00fck a port \u00e9s a szennyez\u0151d\u00e9seket?<\/li>\n\n\n\n<li>Fejezze ki mag\u00e1t sz\u00ednekkel &#8211; a visszafogott nude sz\u00ednekt\u0151l az energikus \u00e1rnyalatokig<\/li>\n\n\n\n<li>GYIK &#8211; k\u00e9rd\u00e9sek \u00e9s v\u00e1laszok a hivat\u00e1sos n\u0151k probl\u00e9m\u00e1ira<\/li>\n<\/ol>\n\n<h2 class=\"wp-block-heading\">Professzion\u00e1lis megjelen\u00e9s \u00e9s k\u00e9nyelem &#8211; mi\u00e9rt az egyenruha a n\u00e9vjegye?<\/h2>\n\n<p>Mi az els\u0151 dolog, ami megragadja a figyelm\u00e9t, amikor bel\u00e9p egy sz\u00e9ps\u00e9gszalonba? Bizony\u00e1ra a bels\u0151 dekor\u00e1ci\u00f3, de r\u00f6gt\u00f6n ut\u00e1na &#8211; a szem\u00e9lyzet megjelen\u00e9se. A professzionalizmus az els\u0151 benyom\u00e1ssal kezd\u0151dik &#8211; \u00e9s a rendezett, j\u00f3l illeszked\u0151 \u00f6lt\u00f6z\u00e9k m\u00e1r azel\u0151tt bizalmat \u00e9breszt az \u00fcgyf\u00e9lben, hogy le\u00fclne. Ez jelzi, hogy olyan szakember kez\u00e9be ker\u00fclt, aki minden r\u00e9szletre odafigyel.   <\/p>\n\n<p>\u00c9rdemes azonban nem elfelejteni, hogy a k\u00fcls\u0151 nem minden &#8211; a munk\u00e1dban minden a szabads\u00e1gr\u00f3l sz\u00f3l. Olyan ruh\u00e1zatra van sz\u00fcks\u00e9ged, amely teljes mobilit\u00e1st biztos\u00edt, \u00e9s nem korl\u00e1tozza a mozdulataidat, amikor prec\u00edz szempill\u00e1kat vagy bonyolult k\u00f6r\u00f6md\u00edsz\u00edt\u00e9st alkalmazol. A ruh\u00e1zatodnak az eszt\u00e9tikum \u00e9s a funkcionalit\u00e1s t\u00f6k\u00e9letes kombin\u00e1ci\u00f3j\u00e1nak kell lennie. Ez egy befektet\u00e9s a k\u00e9nyelembe, a magabiztoss\u00e1gba \u00e9s a m\u00e1rkaim\u00e1zs\u00e1ba.   <\/p>\n\n<h2 class=\"wp-block-heading\">A sz\u00f6vetnek ereje van! Melyik egys\u00e9ges sz\u00f6vetet v\u00e1lasszuk? <\/h2>\n\n<p>A k\u00e9nyelem kulcsa az anyag &#8211; de vajon ez azt jelenti, hogy a 100% pamutra kell fogadni? Nem felt\u00e9tlen\u00fcl! A modern textiltechnol\u00f3gi\u00e1k sokkal t\u00f6bbet ny\u00fajtanak. Nincs egyetlen ide\u00e1lis anyag &#8211; ehelyett l\u00e9tezik a t\u00f6k\u00e9letes kever\u00e9k, amely megfelel az \u00d6n preferenci\u00e1inak.   <\/p>\n\n<p>Gondolja \u00e1t, mi a legfontosabb az \u00d6n sz\u00e1m\u00e1ra. L\u00e9gies? Gy\u0171r\u0151d\u00e9smentess\u00e9g? Rugalmass\u00e1g? A legjobb sz\u00e9ps\u00e9g\u00e1pol\u00e1si egyenruh\u00e1k \u00f6tv\u00f6zik ezeket a tulajdons\u00e1gokat. Web\u00e1ruh\u00e1zunkban k\u00e9t olyan vonalat tal\u00e1l, amelyek megfelelnek a k\u00fcl\u00f6nb\u00f6z\u0151 professzion\u00e1lis n\u0151k ig\u00e9nyeinek.     <\/p>\n\n<p><a href=\"https:\/\/medandbeauty.com\/hu\/shop\/neki\/basic-kollekcio\/\" target=\"_blank\" rel=\"noreferrer noopener\">A Med&amp;Beauty alapkollekci\u00f3ja<\/a> poli\u00e9szter, viszk\u00f3z \u00e9s lycra kever\u00e9ke. A viszk\u00f3z kiv\u00e9teles l\u00e9g\u00e1tereszt\u0151 k\u00e9pess\u00e9get \u00e9s puhas\u00e1got biztos\u00edt, a poli\u00e9szter tart\u00f3ss\u00e1got \u00e9s gy\u0171r\u0151d\u00e9smentess\u00e9get, a lycra pedig azt, hogy az egyenruha t\u00f6k\u00e9letesen illeszkedjen a testhez. <\/p>\n\n<p><a href=\"https:\/\/medandbeauty.com\/hu\/shop\/neki\/premium-kollekcio\/\" target=\"_blank\" rel=\"noreferrer noopener\">A pr\u00e9mium kollekci\u00f3<\/a> viszont kiv\u00e1l\u00f3 min\u0151s\u00e9g\u0171 pamutb\u00f3l, nejlonnal \u00e9s lycr\u00e1val k\u00e9sz\u00fcl. Ez egy javaslat a term\u00e9szetes sz\u00e1lak kedvel\u0151inek, olyan modern adal\u00e9kanyagokkal gazdag\u00edtva, amelyek n\u00f6velik a ruhadarab k\u00e9nyelm\u00e9t \u00e9s tart\u00f3ss\u00e1g\u00e1t. Ez az \u00f6sszet\u00e9tel k\u00f6nny\u0171v\u00e9, l\u00e9g\u00e1tereszt\u0151v\u00e9 \u00e9s kellemesen tapinthat\u00f3v\u00e1 teszi a ruhadarabot a b\u0151r\u00f6n m\u00e9g hossz\u00fa \u00f3r\u00e1kig tart\u00f3 munka ut\u00e1n is. A ruhadarabok emellett tart\u00f3sak \u00e9s k\u00f6nnyen \u00e1polhat\u00f3k.   <\/p>\n\n<h2 class=\"wp-block-heading\">A t\u00f6k\u00e9letes szab\u00e1s &#8211; kombin\u00e1lja a st\u00edlust a funkcionalit\u00e1ssal<\/h2>\n\n<p>Ha m\u00e1r tudod, hogy melyik anyag lesz a legmegfelel\u0151bb sz\u00e1modra &#8211; itt az ideje a szab\u00e1snak. A ruh\u00e1idnak veled egy\u00fctt kell m\u0171k\u00f6dni\u00fck, nem pedig ellened. Gondold v\u00e9gig, milyen a tipikus munkanapod. F\u0151k\u00e9nt \u00fcl\u0151munk\u00e1t v\u00e9gez, vagy \u00e1lland\u00f3an mozg\u00e1sban van? Az erre a k\u00e9rd\u00e9sre adott v\u00e1lasz seg\u00edt a t\u00f6k\u00e9letes n\u0151i orvosi ruhak\u00e9szlet \u00f6ssze\u00e1ll\u00edt\u00e1s\u00e1ban.    <\/p>\n\n<p>Mire kell figyelni?<\/p>\n\n<ul class=\"wp-block-list\">\n<li><strong>Szab\u00e1s &#8211;<\/strong> kiss\u00e9 szabottnak <strong>kell<\/strong> lennie, hogy kiemelje az alakot \u00e9s professzion\u00e1lisnak t\u0171nj\u00f6n, de ne legyen t\u00fals\u00e1gosan t\u00e1maszt\u00f3. <a href=\"https:\/\/medandbeauty.com\/hu\/product\/noi-orvosi-bluz-mutosruha-basic-one-pocket-plum-csokoladeban\/\" target=\"_blank\" rel=\"noreferrer noopener\">A der\u00e9kban form\u00e1zott n\u0151i orvosi m\u0171t\u0151sbl\u00fazok<\/a> a legjobb v\u00e1laszt\u00e1s, b\u00e1rmilyen alkat\u00fa is legyen.<\/li>\n\n\n\n<li><strong>Nadr\u00e1gok &#8211; v\u00e1lasszon<\/strong> rugalmas der\u00e9kp\u00e1nttal ell\u00e1tott modelleket az eg\u00e9sz napos k\u00e9nyelem \u00e9rdek\u00e9ben. Jobban kedveli <a href=\"https:\/\/medandbeauty.com\/hu\/product\/noi-orvosi-jogging-nadrag-scrubs-basic-tutti-frutti-tutti-frutti\/\" target=\"_blank\" rel=\"noreferrer noopener\">a<\/a> szabott , h\u00faz\u00f3zsin\u00f3ros derek\u00fa vagy a klasszikus, sz\u00e9les sz\u00e1r\u00fa nadr\u00e1gokat? A v\u00e1laszt\u00e1s az \u00d6n\u00e9!  <\/li>\n\n\n\n<li><strong>Bl\u00fazok &#8211; a<\/strong> V-nyak biztos\u00edtja a megfelel\u0151 l\u00e9g\u00e1raml\u00e1st. Szint\u00e9n fontosak a funkcion\u00e1lis, diszkr\u00e9t zsebek az alapvet\u0151 dolgok t\u00e1rol\u00e1s\u00e1ra. <\/li>\n<\/ul>\n\n<h2 class=\"wp-block-heading\">V\u00e9d\u0151pajzs &#8211; hogyan kezelj\u00fck a port \u00e9s a szennyez\u0151d\u00e9seket?<\/h2>\n\n<p>K\u00f6r\u00f6mreszel\u0151 por vagy k\u00f6r\u00f6mlakkf\u00fcst a napi rutinod? Az ezekt\u0151l val\u00f3 v\u00e9dekez\u00e9s kiemelt fontoss\u00e1g\u00fa &#8211; mind az eg\u00e9szs\u00e9ged, mind a ruh\u00e1id megjelen\u00e9se szempontj\u00e1b\u00f3l. Az egyenruh\u00e1ja \u00e1lland\u00f3 szennyez\u0151d\u00e9snek van kit\u00e9ve, ez\u00e9rt kulcsfontoss\u00e1g\u00fa, hogy k\u00f6nnyen tiszt\u00edthat\u00f3 legyen, \u00e9s kib\u00edrja a gyakori mos\u00e1st. Annak \u00e9rdek\u00e9ben, hogy ruh\u00e1i min\u00e9l tov\u00e1bb tartsanak, \u00e9s mindig kifog\u00e1stalanul n\u00e9zzenek ki, \u00e9rdemes t\u00f6bb k\u00e9szletet felhalmozni, amelyekbe \u00e1t\u00f6lt\u00f6zhet. \u00cdgy elker\u00fclheti a rohan\u00e1st, \u00e9s nyugodtan foglalkozhat az esetleges foltokkal.    <\/p>\n\n<p>Ne feledje tov\u00e1bb\u00e1, hogy rendszeresen mossa orvosi ruh\u00e1it, lehet\u0151leg speci\u00e1lis fert\u0151tlen\u00edt\u0151szerekkel, amelyek ak\u00e1r 40 fokon is m\u0171k\u00f6dnek. Ez seg\u00edt megszabadulni a mikroorganizmusokt\u00f3l, mik\u00f6zben hosszabb ideig meg\u0151rzi az anyag sz\u00e9p sz\u00edn\u00e9t \u00e9s text\u00far\u00e1j\u00e1t. <\/p>\n\n<p>Ne feledje azt sem, hogy a ruh\u00e1zat \u00f6nmag\u00e1ban nem el\u00e9g. Az \u00e1tfog\u00f3 biztons\u00e1g \u00e9rdek\u00e9ben fektessen be egy professzion\u00e1lis porelnyel\u0151be, amely jelent\u0151sen cs\u00f6kkenti a leveg\u0151ben l\u00e9v\u0151 por mennyis\u00e9g\u00e9t. \u00c9s ne feledkezzen meg a helyis\u00e9gek rendszeres szell\u0151ztet\u00e9s\u00e9r\u0151l sem. A l\u00e9gutak, a szem \u00e9s a k\u00e9z b\u0151r\u00e9nek v\u00e9delm\u00e9hez szem\u00e9lyes v\u00e9d\u0151felszerel\u00e9sre, p\u00e9ld\u00e1ul maszkra, v\u00e9d\u0151szem\u00fcvegre \u00e9s keszty\u0171re is sz\u00fcks\u00e9g van.   <\/p>\n\n<h2 class=\"wp-block-heading\">Fejezze ki mag\u00e1t sz\u00ednekkel &#8211; a visszafogott nude sz\u00ednekt\u0151l az energikus \u00e1rnyalatokig<\/h2>\n\n<p>Ki mondta, hogy egy profi egyenruh\u00e1nak unalmasnak kell lennie? M\u00e1r r\u00e9gen elm\u00faltak azok az id\u0151k, amikor az egyetlen helyes v\u00e1laszt\u00e1s a feh\u00e9r volt. Ma m\u00e1r kifejezheti st\u00edlus\u00e1t, \u00e9s ruh\u00e1zat\u00e1t szalonja jelleg\u00e9hez igaz\u00edthatja. V\u00e1lassza a professzion\u00e1lis megjelen\u00e9st divatos m\u00f3don!   <\/p>\n\n<p>A nude \u00e1rnyalatok &#8211; b\u00e9zs, karamell \u00e9s barna &#8211; rendk\u00edv\u00fcl eleg\u00e1nsak \u00e9s professzion\u00e1lisak. Sokoldal\u00faak, st\u00edlusosak \u00e9s soha nem mennek ki a divatb\u00f3l. Egy ilyen \u00f6lt\u00f6z\u00e9kben professzion\u00e1lis \u00e9s eleg\u00e1ns szem\u00e9ly benyom\u00e1s\u00e1t kelti \u00fcgyfeleiben. Tavasszal \u00e9s ny\u00e1ron megvadulhatsz a pasztellsz\u00ednekkel vagy az energikusabb sz\u00ednekkel, hogy lend\u00fcletet adj magadnak.   <\/p>\n\n<h2 class=\"wp-block-heading\">GYIK &#8211; k\u00e9rd\u00e9sek \u00e9s v\u00e1laszok a hivat\u00e1sos n\u0151k probl\u00e9m\u00e1ira<\/h2>\n\n<p><strong>A pr\u00e9mium kateg\u00f3ri\u00e1s ruhadarabok (pamut\/nylon\/lycra) jobban v\u00e9dik a port\u00f3l, mint az alapkollekci\u00f3?<\/strong><\/p>\n\n<ul class=\"wp-block-list\">\n<li>Igen &#8211; a pamut \u00e9s nejlon pr\u00e9mium vonal s\u0171r\u0171bb sz\u00f6v\u00e9s\u0171 \u00e9s jobb porz\u00e1r\u00f3 tulajdons\u00e1gokkal rendelkezik, mik\u00f6zben elsz\u00edvja a nedvess\u00e9get. Az alapkollekci\u00f3 (poli\u00e9szter\/viszk\u00f3z\/lycra) k\u00f6nnyebb \u00e9s rugalmasabb, \u00edgy j\u00f3l haszn\u00e1lhat\u00f3 ott, ahol nagyobb mobilit\u00e1sra van sz\u00fcks\u00e9g. <\/li>\n<\/ul>\n\n<p><strong>Milyen munkahelyi gyakorlatok minimaliz\u00e1lj\u00e1k a pornak val\u00f3 kitetts\u00e9get a k\u00f6rm\u00f6kkel \u00e9s szempill\u00e1kkal v\u00e9gzett munka sor\u00e1n?<\/strong><\/p>\n\n<ul class=\"wp-block-list\">\n<li>Haszn\u00e1ljon sz\u0171r\u0151maszkot f\u0171r\u00e9szel\u00e9skor, haszn\u00e1ljon porelsz\u00edv\u00f3t vagy porsz\u0151nyeget, rendszeresen t\u00f6r\u00f6lje \u00e1t nedvesen a munkafel\u00fcleteket, t\u00e1rolja a szersz\u00e1mokat z\u00e1rt t\u00e1rol\u00f3kban, \u00e9s intenz\u00edv munka ut\u00e1n cser\u00e9lje le a munkaruh\u00e1j\u00e1t. Ezek a proste szok\u00e1sok jelent\u0151sen cs\u00f6kkentik a por terjed\u00e9s\u00e9t. <\/li>\n<\/ul>\n\n<p><strong>Hogyan mossa \u00e9s karbantartja az egyenruh\u00e1kat, hogy meg\u0151rizz\u00e9k v\u00e9d\u0151 tulajdons\u00e1gaikat \u00e9s megjelen\u00e9s\u00fcket?<\/strong><\/p>\n\n<ul class=\"wp-block-list\">\n<li>Els\u0151 haszn\u00e1lat el\u0151tt mossa ki a ruhadarabot 40\u00b0C-on hasonl\u00f3 sz\u00ednekkel. A ruhadarabot mindig a bal oldalon, 110\u00b0C-ig vasalja. Ker\u00fclje az er\u0151s mos\u00f3szereket, a feh\u00e9r\u00edt\u0151t, a sz\u00e1r\u00edt\u00f3g\u00e9pes sz\u00e1r\u00edt\u00e1st \u00e9s a vegytiszt\u00edt\u00e1st. Ezen szab\u00e1lyok betart\u00e1sa meghosszabb\u00edtja a sz\u00f6vetek \u00e9lettartam\u00e1t \u00e9s seg\u00edt meg\u0151rizni a v\u00e9d\u0151 tulajdons\u00e1gokat.   <\/li>\n<\/ul>\n\n<p>A megfelel\u0151 egyenruha kiv\u00e1laszt\u00e1sa tudatos d\u00f6nt\u00e9s, amely hat\u00e1ssal van az eg\u00e9szs\u00e9g\u00e9re, az \u00f6nbizalm\u00e1ra \u00e9s arra, hogy az \u00fcgyfelei hogyan l\u00e1tj\u00e1k \u00d6nt. A modern, st\u00edlusos \u00e9s funkcion\u00e1lis orvosi ruh\u00e1zat az \u00d6n szalonj\u00e1nak kirakat\u00e1t jelenti. \u00d6lt\u00f6ztesse a szakmais\u00e1g\u00e1t k\u00e9nyelmesen \u00e9s st\u00edlusosan a Med&amp;Beauty-val, \u00e9s \u00e9rezze a k\u00fcl\u00f6nbs\u00e9get minden nap!  <\/p>\n","protected":false},"excerpt":{"rendered":"<p>Precizit\u00e1s, \u00f3r\u00e1kon \u00e1t tart\u00f3 koncentr\u00e1ci\u00f3, k\u00e9nyelmetlen helyzetben v\u00e9gzett munka \u00e9s az \u00e1lland\u00f3an jelenl\u00e9v\u0151 por &#8211; ismer\u0151sen hangzik? A szempilla- \u00e9s k\u00f6r\u00f6mstylist munk\u00e1ja olyan m\u0171v\u00e9szet, amely nemcsak tehets\u00e9get, hanem megfelel\u0151 felk\u00e9sz\u00fclts\u00e9get is ig\u00e9nyel. Ennek a felk\u00e9sz\u00fcl\u00e9snek a legfontosabb eleme az egyenruha. Ez a m\u00e1sodik b\u0151r\u00f6d, p\u00e1nc\u00e9l \u00e9s n\u00e9vjegyk\u00e1rtya egyben. Hogyan v\u00e1lasszon teh\u00e1t olyan \u00f6lt\u00f6z\u00e9ket, amely k\u00e9nyelmes, [&hellip;]<\/p>\n","protected":false},"author":43705,"featured_media":479004,"comment_status":"closed","ping_status":"open","sticky":false,"template":"","format":"standard","meta":{"_acf_changed":false,"inline_featured_image":false,"footnotes":""},"categories":[1],"tags":[],"class_list":["post-725819","post","type-post","status-publish","format-standard","has-post-thumbnail","hentry","category-bez-kategorii"],"acf":[],"_links":{"self":[{"href":"https:\/\/medandbeauty.com\/hu\/wp-json\/wp\/v2\/posts\/725819","targetHints":{"allow":["GET"]}}],"collection":[{"href":"https:\/\/medandbeauty.com\/hu\/wp-json\/wp\/v2\/posts"}],"about":[{"href":"https:\/\/medandbeauty.com\/hu\/wp-json\/wp\/v2\/types\/post"}],"author":[{"embeddable":true,"href":"https:\/\/medandbeauty.com\/hu\/wp-json\/wp\/v2\/users\/43705"}],"replies":[{"embeddable":true,"href":"https:\/\/medandbeauty.com\/hu\/wp-json\/wp\/v2\/comments?post=725819"}],"version-history":[{"count":1,"href":"https:\/\/medandbeauty.com\/hu\/wp-json\/wp\/v2\/posts\/725819\/revisions"}],"predecessor-version":[{"id":725822,"href":"https:\/\/medandbeauty.com\/hu\/wp-json\/wp\/v2\/posts\/725819\/revisions\/725822"}],"wp:featuredmedia":[{"embeddable":true,"href":"https:\/\/medandbeauty.com\/hu\/wp-json\/wp\/v2\/media\/479004"}],"wp:attachment":[{"href":"https:\/\/medandbeauty.com\/hu\/wp-json\/wp\/v2\/media?parent=725819"}],"wp:term":[{"taxonomy":"category","embeddable":true,"href":"https:\/\/medandbeauty.com\/hu\/wp-json\/wp\/v2\/categories?post=725819"},{"taxonomy":"post_tag","embeddable":true,"href":"https:\/\/medandbeauty.com\/hu\/wp-json\/wp\/v2\/tags?post=725819"}],"curies":[{"name":"wp","href":"https:\/\/api.w.org\/{rel}","templated":true}]}}