{"id":840061,"date":"2026-08-31T10:51:32","date_gmt":"2026-08-31T08:51:32","guid":{"rendered":"https:\/\/medandbeauty.com\/az-elso-orvosi-gyakorlat-hogyan-keszulj-fel-mielott-megveszed-a-mutosruhakat\/"},"modified":"2026-08-31T10:52:47","modified_gmt":"2026-08-31T08:52:47","slug":"az-elso-orvosi-gyakorlat-hogyan-keszulj-fel-mielott-megveszed-a-mutosruhakat","status":"publish","type":"post","link":"https:\/\/medandbeauty.com\/hu\/az-elso-orvosi-gyakorlat-hogyan-keszulj-fel-mielott-megveszed-a-mutosruhakat\/","title":{"rendered":"Az els\u0151 orvosi gyakorlat \u2013 hogyan k\u00e9sz\u00fclj fel, miel\u0151tt megveszed a m\u0171t\u0151sruh\u00e1kat?"},"content":{"rendered":"\n<p class=\"wp-block-paragraph\">Az els\u0151 orvosi gyakorlat az egyik olyan pillanat az egyetemi \u00e9vek sor\u00e1n, amelyet egyszerre izgalommal v\u00e1runk \u00e9s enyhe fesz\u00fclts\u00e9ggel szeml\u00e9l\u00fcnk. V\u00e9g\u00fcl is az elm\u00e9let tal\u00e1lkozik a val\u00f3s\u00e1ggal, \u00e9s az el\u0151ad\u00f3termek hely\u00e9t \u00e1tveszik a k\u00f3rh\u00e1zi folyos\u00f3k, rendel\u0151k, eg\u00e9szs\u00e9g\u00fcgyi k\u00f6zpontok \u00e9s egy\u00e9b int\u00e9zm\u00e9nyek, ahol az els\u0151 szakmai tapasztalatokat szerezhetj\u00fck. <\/p>\n\n<p class=\"wp-block-paragraph\">F\u00fcggetlen\u00fcl att\u00f3l, hogy orvostudom\u00e1nyt, \u00e1pol\u00e1st, gy\u00f3gytorn\u00e1t, fog\u00e1szatot, kozmetol\u00f3gi\u00e1t vagy b\u00e1rmely m\u00e1s orvosi vagy sz\u00e9ps\u00e9g\u00e1pol\u00e1si szakot tanulsz, az els\u0151 gyakorlati nap el\u0151tt \u00e9rdemes alaposan felk\u00e9sz\u00fclni.<\/p>\n\n<p class=\"wp-block-paragraph\">\u00c9s nem csak a scrubok v\u00e1s\u00e1rl\u00e1s\u00e1r\u00f3l van sz\u00f3.<\/p>\n\n<p class=\"wp-block-paragraph\">Miel\u0151tt \u00f6ssze\u00e1ll\u00edtan\u00e1d a ruh\u00e1dat \u00e9s a kieg\u00e9sz\u00edt\u0151idet, n\u00e9zd meg, <strong>hogy milyen k\u00f6vetelm\u00e9nyeket t\u00e1maszt mind az egyetemed, mind az a konkr\u00e9t int\u00e9zm\u00e9ny, ahov\u00e1 j\u00e1rni fogsz<\/strong>. Ezek a k\u00f6vetelm\u00e9nyek nem felt\u00e9tlen\u00fcl egyeznek meg egym\u00e1ssal. <\/p>\n\n<p class=\"wp-block-paragraph\">Tartalomjegyz\u00e9k:<\/p>\n\n<ol class=\"wp-block-list\">\n<li>El\u0151sz\u00f6r az egyetem, azt\u00e1n az int\u00e9zm\u00e9ny \u2013 ellen\u0151rizd k\u00e9tszer a k\u00f6vetelm\u00e9nyeket!<\/li>\n\n\n\n<li>Mit \u00e9rdemes megk\u00e9rdezni a gyakorlatfelel\u0151s\u00f6kt\u0151l az els\u0151 nap el\u0151tt?<\/li>\n\n\n\n<li>Mi van, ha a ruh\u00e1zatod nem felel meg az int\u00e9zm\u00e9ny k\u00f6vetelm\u00e9nyeinek?<\/li>\n\n\n\n<li>Milyen m\u0171t\u0151sruha legyen az els\u0151 gyakorlatra?<\/li>\n\n\n\n<li>Joggingnadr\u00e1g vagy egyenes sz\u00e1r\u00fa nadr\u00e1g?<\/li>\n\n\n\n<li>Mit \u00e9rdemes magaddal vinni a gyakorlat els\u0151 napj\u00e1ra? Ellen\u0151rz\u0151lista <\/li>\n\n\n\n<li>A szakmai gyakorlat els\u0151 napja \u2013 mire sz\u00e1m\u00edthatok?<\/li>\n\n\n\n<li>Egy vagy k\u00e9t ruhak\u00e9szlet a szakmai gyakorlatra?<\/li>\n\n\n\n<li>Csoportos megrendel\u00e9s? K\u00e9rdezd meg az \u00e9vfolyamt\u00e1rsaidat! <\/li>\n\n\n\n<li>Egyetemista vagy? N\u00e9zd meg a Med &amp; Beauty hallgat\u00f3i programot! <\/li>\n\n\n\n<li>Els\u0151 szakmai gyakorlat? K\u00e9sz\u00fclj fel el\u0151re, \u00e9s sz\u00e1nj r\u00e1 id\u0151t! <\/li>\n<\/ol>\n\n<h2 class=\"wp-block-heading\"><strong>El\u0151sz\u00f6r az egyetem, ut\u00e1na az int\u00e9zm\u00e9ny \u2013 ellen\u0151rizd k\u00e9tszer a k\u00f6vetelm\u00e9nyeket<\/strong><\/h2>\n\n<p class=\"wp-block-paragraph\">Az els\u0151 szakmai gyakorlatot megel\u0151z\u0151en az egyik leggyakoribb hiba az a felt\u00e9telez\u00e9s, hogy ha az egyetem elfogadott egy bizonyos t\u00edpus\u00fa \u00f6lt\u00f6z\u00e9ket, akkor az automatikusan minden gyakorlat helysz\u00edn\u00e9n megfelel\u0151 lesz.<\/p>\n\n<p class=\"wp-block-paragraph\">Nem felt\u00e9tlen\u00fcl.<\/p>\n\n<p class=\"wp-block-paragraph\">Az egyetem meghat\u00e1rozhatja a gyakorlati foglalkoz\u00e1sokon viselend\u0151 ruh\u00e1zatra vonatkoz\u00f3 \u00e1ltal\u00e1nos szab\u00e1lyokat, m\u00edg <strong>a k\u00f3rh\u00e1z, a rendel\u0151, a szakorvosi rendel\u0151 vagy m\u00e1s int\u00e9zm\u00e9ny saj\u00e1t szab\u00e1lyzattal rendelkezhet<\/strong>.<\/p>\n\n<p class=\"wp-block-paragraph\">A k\u00f6vetelm\u00e9nyek t\u00f6bbek k\u00f6z\u00f6tt a k\u00f6vetkez\u0151kre vonatkozhatnak:<\/p>\n\n<ul class=\"wp-block-list\">\n<li>az orvosi ruh\u00e1zat sz\u00edne,<\/li>\n\n\n\n<li>egyfajta egyenruha,<\/li>\n\n\n\n<li>az ujjak hossza,<\/li>\n\n\n\n<li>a nadr\u00e1g fazonja,<\/li>\n\n\n\n<li>cip\u0151,<\/li>\n\n\n\n<li>azonos\u00edt\u00f3,<\/li>\n\n\n\n<li>az \u00e9kszerekre, \u00f3r\u00e1kra vagy a k\u00f6rm\u00f6kre vonatkoz\u00f3 szab\u00e1lyok,<\/li>\n\n\n\n<li>a haj visel\u00e9s\u00e9nek m\u00f3dja,<\/li>\n\n\n\n<li>olyan dolgok, amelyeket magaddal vihetsz vagy magaddal kell vinned.<\/li>\n<\/ul>\n\n<p class=\"wp-block-paragraph\">Ez\u00e9rt \u00faj egyetemi hallgat\u00f3i ruh\u00e1t v\u00e1s\u00e1rolni el\u0151tt \u00e9rdemes <strong>k\u00e9tszer is ellen\u0151rizni: el\u0151sz\u00f6r az egyetem k\u00f6vetelm\u00e9nyeit, majd az adott int\u00e9zm\u00e9nyben \u00e9rv\u00e9nyes szab\u00e1lyokat<\/strong>.<\/p>\n\n<p class=\"wp-block-paragraph\">Ha az inform\u00e1ci\u00f3 nem szerepel a szakmai gyakorlatra vonatkoz\u00f3 dokumentumokban, a legjobb, ha felveszed a kapcsolatot a mentoroddal, a koordin\u00e1torral vagy a szakmai gyakorlat szervez\u00e9s\u00e9\u00e9rt felel\u0151s szem\u00e9llyel.<\/p>\n\n<p class=\"wp-block-paragraph\">Ha n\u00e9h\u00e1ny percet sz\u00e1nsz arra, hogy meggy\u0151z\u0151dj r\u00f3la, azzal elker\u00fclheted a felesleges stresszt az els\u0151 napon.<\/p>\n\n<h2 class=\"wp-block-heading\"><strong>Mit \u00e9rdemes megk\u00e9rdezni a gyakorlatfelel\u0151s\u00f6kt\u0151l az els\u0151 nap el\u0151tt?<\/strong><\/h2>\n\n<p class=\"wp-block-paragraph\">Nem tudod, mely inform\u00e1ci\u00f3k igaz\u00e1n fontosak? \u00d6ssze\u00e1ll\u00edtottunk egy r\u00f6vid k\u00e9rd\u00e9sekb\u0151l \u00e1ll\u00f3 list\u00e1t, amelyet a gyakorlat megkezd\u00e9se el\u0151tt felhaszn\u00e1lhatsz. <\/p>\n\n<p class=\"wp-block-paragraph\">K\u00e9rdezd meg:<\/p>\n\n<p class=\"wp-block-paragraph\"><strong>1. Van-e el\u0151\u00edrt sz\u00edne az orvosi ruh\u00e1zatnak?<\/strong><br\/>Egyes int\u00e9zm\u00e9nyekben az egyenruha sz\u00ednei konkr\u00e9t beoszt\u00e1sokhoz, oszt\u00e1lyokhoz vagy szakmai csoportokhoz rendelhet\u0151k.<\/p>\n\n<p class=\"wp-block-paragraph\"><strong>2. Sz\u00fcks\u00e9ges-e a m\u0171t\u0151ruha, a k\u00f6t\u00e9ny, vagy mindkett\u0151?<\/strong><br\/>Ne felt\u00e9telezd, hogy egy k\u00e9szlet mindenhol bev\u00e1lt.<\/p>\n\n<p class=\"wp-block-paragraph\"><strong>3. Meghat\u00e1rozza-e az int\u00e9zm\u00e9ny a nadr\u00e1g fazonj\u00e1ra vonatkoz\u00f3 k\u00f6vetelm\u00e9nyeket?<\/strong><br\/>\u00c9rdemes tudni, hogy viselhetsz-e jogger nadr\u00e1got, vagy egyenes sz\u00e1r\u00fa nadr\u00e1g visel\u00e9se k\u00f6telez\u0151.<\/p>\n\n<p class=\"wp-block-paragraph\"><strong>4. Milyen cip\u0151 visel\u00e9se megengedett?<\/strong><br\/>\u00c9rdekl\u0151dj\u00f6n a k\u00edv\u00e1nt sz\u00ednr\u0151l, a talp t\u00edpus\u00e1r\u00f3l, az ujjak \u00e9s a sarok fedetts\u00e9g\u00e9r\u0151l, valamint arr\u00f3l, hogy haszn\u00e1lhat-e egy adott t\u00edpus\u00fa orvosi cip\u0151t.<\/p>\n\n<p class=\"wp-block-paragraph\"><strong>5. Sz\u00fcks\u00e9gem van saj\u00e1t azonos\u00edt\u00f3ra?<\/strong><br\/>N\u00e9ha az int\u00e9zm\u00e9ny biztos\u00edtja, n\u00e9ha az egyetem, m\u00e1s esetekben pedig az ir\u00e1nyelveknek megfelel\u0151en magunknak kell elk\u00e9sz\u00edten\u00fcnk.<\/p>\n\n<p class=\"wp-block-paragraph\"><strong>6. Vannak-e tov\u00e1bbi szab\u00e1lyok a megjelen\u00e9sre vonatkoz\u00f3an?<\/strong><br\/>Ez vonatkozik t\u00f6bbek k\u00f6z\u00f6tt a k\u00f6rm\u00f6kre, \u00e9kszerekre, \u00f3r\u00e1kra, hajra, valamint egy\u00e9b olyan elemekre, amelyek higi\u00e9niai \u00e9s szervez\u00e9si szempontb\u00f3l jelent\u0151s\u00e9ggel b\u00edrhatnak.<\/p>\n\n<p class=\"wp-block-paragraph\"><strong>7. Mit kell magammal hoznom az els\u0151 napon?<\/strong><br\/>\u00cdgy elker\u00fclheted, hogy elfelejtsd a sz\u00fcks\u00e9ges dolgokat, \u00e9s azt is, hogy a lak\u00e1s fel\u00e9t \u201eminden esetre\u201d magaddal vidd.<\/p>\n\n<p class=\"wp-block-paragraph\">Ha valamit nem tudsz, <strong>t\u00e9nyleg \u00e9rdemes megk\u00e9rdezni<\/strong>. Senki sem v\u00e1rhatja el att\u00f3l, aki most kezdi az els\u0151 gyakorlat\u00e1t, hogy m\u00e1r azel\u0151tt ismerje az adott int\u00e9zm\u00e9ny \u00f6sszes szab\u00e1ly\u00e1t, miel\u0151tt m\u00e9g \u00e1tl\u00e9pn\u00e9 a k\u00fcsz\u00f6b\u00e9t. <\/p>\n\n<h2 class=\"wp-block-heading\"><strong>Mi van, ha a ruh\u00e1zatod nem felel meg az int\u00e9zm\u00e9ny k\u00f6vetelm\u00e9nyeinek?<\/strong><\/h2>\n\n<p class=\"wp-block-paragraph\">Ez az egyik oka annak, hogy az orvosi ruh\u00e1zat v\u00e1s\u00e1rl\u00e1sa el\u0151tt c\u00e9lszer\u0171 \u00e1tn\u00e9zni a felhaszn\u00e1l\u00e1si felt\u00e9teleket.<\/p>\n\n<p class=\"wp-block-paragraph\">Ha a ruh\u00e1zatod nem felel meg az adott helyen \u00e9rv\u00e9nyes szab\u00e1lyoknak, felk\u00e9rhetnek, hogy cser\u00e9ld le. Az int\u00e9zm\u00e9nyt\u0151l \u00e9s a gyakorlat jelleg\u00e9t\u0151l f\u00fcgg\u0151en a megfelel\u0151 ruh\u00e1zat hi\u00e1nya azt is jelentheti, hogy <strong>addig nem vehetsz r\u00e9szt bizonyos foglalkoz\u00e1sokon, am\u00edg nem teljes\u00edted a k\u00f6vetelm\u00e9nyeket<\/strong>. <\/p>\n\n<p class=\"wp-block-paragraph\">K\u00fcl\u00f6n\u00f6sen fontosak a higi\u00e9niai, biztons\u00e1gi \u00e9s az int\u00e9zm\u00e9ny bels\u0151 elj\u00e1r\u00e1saival kapcsolatos k\u00e9rd\u00e9sek.<\/p>\n\n<p class=\"wp-block-paragraph\">Ez\u00e9rt m\u00e9g ha megtal\u00e1ltad is a t\u00f6k\u00e9letes orvosi ruh\u00e1t a kedvenc sz\u00ednedben, <strong>el\u0151sz\u00f6r gy\u0151z\u0151dj meg arr\u00f3l, hogy viselheted-e a gyakorlaton<\/strong>.<\/p>\n\n<p class=\"wp-block-paragraph\">Ugyanez vonatkozik a cip\u0151kre \u00e9s az egyenruha kieg\u00e9sz\u00edt\u0151ire is.<\/p>\n\n<h2 class=\"wp-block-heading\"><strong>Milyen m\u0171t\u0151sruha legyen az els\u0151 gyakorlatra?<\/strong><\/h2>\n\n<p class=\"wp-block-paragraph\">Miut\u00e1n m\u00e1r tiszt\u00e1ban vagy a gyakorlat helysz\u00edn\u00e9n \u00e9rv\u00e9nyes k\u00f6vetelm\u00e9nyekkel, folytathatod a megfelel\u0151 orvosi ruh\u00e1zat kiv\u00e1laszt\u00e1s\u00e1val.<\/p>\n\n<p class=\"wp-block-paragraph\">Ebben a szakaszban a legfontosabbak els\u0151sorban <strong>a k\u00e9nyelem, a megfelel\u0151 m\u00e9ret, a mozg\u00e1sszabads\u00e1g, a funkcion\u00e1lis anyag \u00e9s a praktikus megold\u00e1sok<\/strong>, p\u00e9ld\u00e1ul a zsebek. A gyakorlatok sor\u00e1n sok \u00f3r\u00e1t t\u00f6lthetsz az egyenruh\u00e1ban, ez\u00e9rt a ruh\u00e1zatnak nem szabad korl\u00e1toznia a mozg\u00e1st, \u00e9s nem szabad, hogy \u00e1lland\u00f3an igazgatni kelljen. <\/p>\n\n<p class=\"wp-block-paragraph\">Nem fogjuk azonban \u00fajra v\u00e9gigmenni a megfelel\u0151 k\u00e9szlet kiv\u00e1laszt\u00e1s\u00e1nak teljes folyamat\u00e1n.<\/p>\n\n<p class=\"wp-block-paragraph\"><strong>Az els\u0151 m\u0171t\u0151sruha kiv\u00e1laszt\u00e1s\u00e1r\u00f3l sz\u00f3l\u00f3 teljes \u00fatmutat\u00f3t egy m\u00e1sik cikk\u00fcnkben tal\u00e1lod meg \u2013 <\/strong> <a href=\"https:\/\/medandbeauty.com\/odziez-medyczna-dla-studentow-jaka-wybrac-znajdz-swoj-pierwszy-scrubs\/\" data-type=\"link\" data-id=\"https:\/\/medandbeauty.com\/odziez-medyczna-dla-studentow-jaka-wybrac-znajdz-swoj-pierwszy-scrubs\/\">Orvosi ruh\u00e1zat hallgat\u00f3knak \u2013 melyiket v\u00e1lasszuk?<\/a><\/p>\n\n<h2 class=\"wp-block-heading\"><strong>Joggingnadr\u00e1g vagy egyenes sz\u00e1r\u00fa nadr\u00e1g?<\/strong><\/h2>\n\n<p class=\"wp-block-paragraph\">Ha az int\u00e9zm\u00e9ny szab\u00e1lyzata mindk\u00e9t megold\u00e1st enged\u00e9lyezi, felmer\u00fcl a k\u00e9rd\u00e9s: <strong>joggingnadr\u00e1g vagy klasszikus, egyenes sz\u00e1r\u00fa orvosi nadr\u00e1g?<\/strong><\/p>\n\n<p class=\"wp-block-paragraph\">Az orvosi joggingnadr\u00e1gok bok\u00e1n\u00e1l sz\u0171k\u00edt\u0151vel vannak ell\u00e1tva. Ennek k\u00f6sz\u00f6nhet\u0151en a nadr\u00e1gsz\u00e1r a hely\u00e9n marad j\u00e1r\u00e1s, lehajl\u00e1s vagy egy\u00e9b tev\u00e9kenys\u00e9gek sor\u00e1n. Ezt a megold\u00e1st sz\u00edvesen v\u00e1lasztj\u00e1k azok, akik a sportosabb \u00e9s modernebb st\u00edlust kedvelik.  <\/p>\n\n<p class=\"wp-block-paragraph\">Az egyenes sz\u00e1r\u00fa nadr\u00e1gok klasszikusabb jelleg\u0171ek. A sz\u0171kebb als\u00f3 szeg\u00e9ly k\u00e9nyelmes lehet azok sz\u00e1m\u00e1ra, akik nem szeretik a bok\u00e1n\u00e1l sz\u0171k\u00edt\u0151 szeg\u00e9lyeket, vagy ink\u00e1bb a hagyom\u00e1nyosabb megjelen\u00e9s\u0171 egyenruh\u00e1t r\u00e9szes\u00edtik el\u0151nyben. <\/p>\n\n<p class=\"wp-block-paragraph\">Nincs egy\u00e9rtelm\u0171 v\u00e1lasz arra, hogy melyik fazon a jobb. Sokat f\u00fcgg a saj\u00e1t \u00edzl\u00e9sedt\u0151l, az alkatodt\u00f3l, valamint att\u00f3l, hogy miben \u00e9rzed magad igaz\u00e1n j\u00f3l. <\/p>\n\n<p class=\"wp-block-paragraph\">A legfontosabb szab\u00e1ly azonban a k\u00f6vetkez\u0151: <strong>el\u0151sz\u00f6r az int\u00e9zm\u00e9ny szab\u00e1lyzata, azt\u00e1n a st\u00edlus<\/strong>.<\/p>\n\n<p class=\"wp-block-paragraph\">Ha mindk\u00e9t lehet\u0151s\u00e9g k\u00f6z\u00fcl v\u00e1laszthatsz, akkor nyugodtan a saj\u00e1t k\u00e9nyelmedet vedd figyelembe.<\/p>\n\n<h2 class=\"wp-block-heading\"><strong>Mit \u00e9rdemes magaddal vinni a gyakorlat els\u0151 napj\u00e1n? Ellen\u0151rz\u0151lista <\/strong><\/h2>\n\n<p class=\"wp-block-paragraph\">Az els\u0151 nap el\u0151tti este \u00e9rdemes \u00f6sszepakolni a t\u00e1sk\u00e1t, ahelyett, hogy reggel sietve tenn\u00e9d meg.<\/p>\n\n<p class=\"wp-block-paragraph\">A list\u00e1d az egyetemt\u0151l \u00e9s a gyakorlat helysz\u00edn\u00e9t\u0151l f\u00fcgg, de az alapvet\u0151 ellen\u0151rz\u0151lista a k\u00f6vetkez\u0151k\u00e9ppen n\u00e9zhet ki:<\/p>\n\n<p class=\"wp-block-paragraph\">\u2610 Teljes k\u00f3rh\u00e1zi ruha vagy m\u00e1s el\u0151\u00edrt egyenruha<br\/>\u2610 K\u00e9nyelmes v\u00e1lt\u00f3cip\u0151<br\/>\u2610 Azonos\u00edt\u00f3 k\u00e1rtya<br\/>\u2610 A gyakorlathoz sz\u00fcks\u00e9ges dokumentumok<br\/>\u2610 Jegyzetf\u00fczet vagy kis jegyzetlap<br\/>\u2610 Toll \u2013 lehet\u0151leg t\u00f6bb is<br\/>\u2610 Egy tartal\u00e9k zokni<br\/>\u2610 Hajgumi vagy hajcsat, ha sz\u00fcks\u00e9ged van r\u00e1<br\/>\u2610 V\u00edz<br\/>\u2610 Egy kis \u00e9tel vagy harapnival\u00f3, ha a napirend megengedi<br\/>\u2610 Egy\u00e9b, az egyetem vagy int\u00e9zm\u00e9ny \u00e1ltal el\u0151\u00edrt kieg\u00e9sz\u00edt\u0151k<\/p>\n\n<p class=\"wp-block-paragraph\">\u00c9rdemes <strong>egy tartal\u00e9k ruhadarabot<\/strong> is magaddal vinni, ha a gyakorlat jellege ezt megk\u00f6veteli, \u00e9s van lehet\u0151s\u00e9ged azt a helysz\u00ednen t\u00e1rolni. Nem mindig lesz r\u00e1 sz\u00fcks\u00e9g, de egy t\u00f6bb \u00f3r\u00e1s gyakorlati napon egy tartal\u00e9k p\u00f3l\u00f3, zokni vagy egy m\u00e1sodik ruhak\u00e9szlet nagyon hasznosnak bizonyulhat. <\/p>\n\n<p class=\"wp-block-paragraph\">Ne vigy\u00e9l azonban t\u00fal sok holmit! Az els\u0151 napon sokkal t\u00f6bbet fogsz megtudni a munkaszervez\u00e9sr\u0151l, \u00e9s hamar r\u00e1j\u00f6ssz majd, hogy mit \u00e9rdemes t\u00e9nyleg magaddal hozni. <\/p>\n\n<h2 class=\"wp-block-heading\"><strong>A szakmai gyakorlat els\u0151 napja \u2013 mire sz\u00e1m\u00edthatok?<\/strong><\/h2>\n\n<p class=\"wp-block-paragraph\">El\u0151k\u00e9sz\u00edtheted a t\u00f6k\u00e9letes ruh\u00e1t, h\u00e1romszor elolvashatod a szab\u00e1lyzatot, \u00e9s a ellen\u0151rz\u0151lista szerint \u00f6sszepakolhatsz mindent, \u00e9s m\u00e9gis reggel stresszt \u00e9rezhetsz \u2013 ez teljesen norm\u00e1lis.<\/p>\n\n<p class=\"wp-block-paragraph\">Az els\u0151 szakmai gyakorlat egy teljesen \u00faj k\u00f6rnyezetbe val\u00f3 bel\u00e9p\u00e9st jelent. Lehet, hogy nem tudod, hova tedd a holmidat, kihez fordulj, hogyan alakul a napirend, vagy hogy pontosan mit v\u00e1r el t\u0151led a mentor. <\/p>\n\n<p class=\"wp-block-paragraph\">Az els\u0151 napon gyakran \u00e9ppen a szervez\u00e9si k\u00e9rd\u00e9sek veszik ig\u00e9nybe a legt\u00f6bb id\u0151t: a csapat megismer\u00e9se, a munkahely, az \u00e9rv\u00e9nyes szab\u00e1lyok \u00e9s azok a feladatok, amelyeket a hallgat\u00f3 elv\u00e9gezhet.<\/p>\n\n<p class=\"wp-block-paragraph\">Ne v\u00e1rd el magadt\u00f3l, hogy m\u00e1r az els\u0151 \u00f3r\u00e1t\u00f3l kezdve teljesen otthonosan \u00e9rezd magad.<\/p>\n\n<p class=\"wp-block-paragraph\"><strong>A szakmai gyakorlat \u00e9ppen az\u00e9rt van, hogy tanuljunk.<\/strong><\/p>\n\n<p class=\"wp-block-paragraph\">K\u00e9rdezz, figyelj, jegyezd fel a fontos inform\u00e1ci\u00f3kat, \u00e9s haszn\u00e1ld ki a tapasztalatszerz\u00e9s lehet\u0151s\u00e9geit. Napr\u00f3l napra azok a dolgok, amelyek eleinte stresszt okoztak vagy bonyolultnak t\u0171ntek, egyre term\u00e9szetesebb\u00e9 v\u00e1lnak majd. <\/p>\n\n<h2 class=\"wp-block-heading\"><strong>Egy vagy k\u00e9t ruhak\u00e9szlet a szakmai gyakorlatra?<\/strong><\/h2>\n\n<p class=\"wp-block-paragraph\">Ha a gyakorlatok t\u00f6bb napig tartanak, vagy rendszeresen zajlanak, egy m\u00e1sodik szett orvosi ruh\u00e1zat jelent\u0151sen megk\u00f6nny\u00edtheti a szervez\u00e9st.<\/p>\n\n<p class=\"wp-block-paragraph\">A m\u0171t\u0151sruh\u00e1kat rendszeresen ki kell mosni, \u00e9s mivel a gyakorlatok egym\u00e1st k\u00f6vetik, egy szett hamar kev\u00e9snek bizonyulhat.<\/p>\n\n<p class=\"wp-block-paragraph\">Ez azonban nem jelenti azt, hogy az els\u0151 nap el\u0151tt r\u00f6gt\u00f6n t\u00f6bb azonos szettet kell v\u00e1s\u00e1rolnod.<\/p>\n\n<p class=\"wp-block-paragraph\">J\u00f3 megold\u00e1s, ha el\u0151sz\u00f6r megveszel egy szettet, kipr\u00f3b\u00e1lod a gyakorlat sor\u00e1n, \u00e9s csak ut\u00e1na d\u00f6ntesz el, hogy az adott szab\u00e1s, fazon \u00e9s m\u00e9ret megfelel\u0151-e sz\u00e1modra.<\/p>\n\n<p class=\"wp-block-paragraph\">Ha bev\u00e1ltanak, akkor tov\u00e1bbi egyenruh\u00e1kat is \u00f6ssze\u00e1ll\u00edthatsz an\u00e9lk\u00fcl, hogy kock\u00e1ztatn\u00e1d, hogy olyan ruh\u00e1k maradjanak a szekr\u00e9nyben, amelyeket nem szeretsz viselni.<\/p>\n\n<h2 class=\"wp-block-heading\"><strong>Csoportos megrendel\u00e9s? K\u00e9rdezd meg az \u00e9vfolyamt\u00e1rsaidat! <\/strong><\/h2>\n\n<p class=\"wp-block-paragraph\">A gyakorlatok megkezd\u00e9se el\u0151tt \u00e9rdemes besz\u00e9lni a csoportt\u00e1rsakkal vagy az \u00e9vfolyamt\u00e1rsakkal is. Nagyon is lehets\u00e9ges, hogy mindannyian ugyanazokat az egyenruha-el\u0151\u00edr\u00e1sokat kapt\u00e1tok. <\/p>\n\n<p class=\"wp-block-paragraph\">Ez egy j\u00f3 alkalom arra, hogy inform\u00e1ci\u00f3kat cser\u00e9lj\u00fcnk, megbizonyosodjunk arr\u00f3l, hogy helyesen \u00e9rtelmezz\u00fck az ir\u00e1nyelveket, \u00e9s adott esetben k\u00f6z\u00f6sen \u00f6ssze\u00e1ll\u00edtsuk a ruh\u00e1zatot.<\/p>\n\n<p class=\"wp-block-paragraph\"><strong>A Med &amp; Beauty lehet\u0151v\u00e9 teszi a hallgat\u00f3k sz\u00e1m\u00e1ra, hogy csoportos megrendel\u00e9seket adjanak le orvosi ruh\u00e1zatra<\/strong>, \u00edgy egy gyakorlati csoport vagy az \u00e9vfolyam nagy r\u00e9sze k\u00f6z\u00f6sen felk\u00e9sz\u00fclhet a gyakorlatokra.<\/p>\n\n<h2 class=\"wp-block-heading\"><strong>Egyetemista vagy? N\u00e9zd meg <a href=\"https:\/\/medandbeauty.com\/hu\/diakok\/\" data-type=\"link\" data-id=\"https:\/\/medandbeauty.com\/studenci\/\">a Med &amp; Beauty hallgat\u00f3i programot<\/a>! <\/strong><\/h2>\n\n<p class=\"wp-block-paragraph\">A szakmai gyakorlat kezdete gyakran tov\u00e1bbi kiad\u00e1sokat jelent \u2013 a ruh\u00e1kt\u00f3l \u00e9s cip\u0151kt\u0151l kezdve a foglalkoz\u00e1sokhoz sz\u00fcks\u00e9ges anyagokig.<\/p>\n\n<p class=\"wp-block-paragraph\">Ha orvostudom\u00e1nyi vagy sz\u00e9ps\u00e9g\u00e1pol\u00e1si szakir\u00e1nyon tanulsz, ig\u00e9nybe veheted <a href=\"https:\/\/medandbeauty.com\/hu\/diakok\/\" data-type=\"link\" data-id=\"https:\/\/medandbeauty.com\/studenci\/\"><strong>a Med &amp; Beauty hallgat\u00f3i programot<\/strong>.<\/a><\/p>\n\n<p class=\"wp-block-paragraph\">A fi\u00f3k l\u00e9trehoz\u00e1sa \u00e9s a hallgat\u00f3i st\u00e1tusz sikeres ellen\u0151rz\u00e9se ut\u00e1n <strong>15%-os \u00e1lland\u00f3 kedvezm\u00e9nyt<\/strong> kapsz <strong>az orvosi ruh\u00e1zat v\u00e1s\u00e1rl\u00e1s\u00e1ra<\/strong>.<\/p>\n\n<p class=\"wp-block-paragraph\">\u00cdgy k\u00f6nnyebb \u00f6ssze\u00e1ll\u00edtani az els\u0151 szettet, majd k\u00e9s\u0151bb \u2013 ha sz\u00fcks\u00e9g lesz r\u00e1 \u2013 a gyakorlatokra sz\u00e1nt tov\u00e1bbi egyenruh\u00e1kat is.<\/p>\n\n<h2 class=\"wp-block-heading\">\u00d6sszefoglal\u00e1s:  <strong>Els\u0151 szakmai gyakorlat? K\u00e9sz\u00fclj fel el\u0151re, \u00e9s sz\u00e1nj r\u00e1 id\u0151t! <\/strong><\/h2>\n\n<p class=\"wp-block-paragraph\">Az els\u0151 orvosi gyakorlatok a tanulm\u00e1nyok fontos szakasza. Ez az a pillanat, amikor az el\u0151ad\u00e1sokon \u00e9s a gyakorlatokon megszerzett ismeretek teljesen m\u00e1s jelent\u00e9st nyernek. <\/p>\n\n<p class=\"wp-block-paragraph\">De nem kell m\u00e1r az els\u0151 napon mindent tudnod.<\/p>\n\n<p class=\"wp-block-paragraph\">A gyakorlat megkezd\u00e9se el\u0151tt mindenekel\u0151tt <strong>t\u00e1j\u00e9koz\u00f3dj az egyetem \u00e9s az adott int\u00e9zm\u00e9ny k\u00f6vetelm\u00e9nyeir\u0151l<\/strong>, vedd fel a kapcsolatot a mentoroddal, ha valami nem vil\u00e1gos, k\u00e9sz\u00edtsd el\u0151 a sz\u00fcks\u00e9ges dokumentumokat, \u00e9s csak ezut\u00e1n v\u00e1laszd ki a megfelel\u0151 ruh\u00e1zatot.<\/p>\n\n<p class=\"wp-block-paragraph\">Az els\u0151 nap el\u0151tti este csomagold be a t\u00e1sk\u00e1dat az ellen\u0151rz\u0151lista szerint, k\u00e9sz\u00edtsd el\u0151 az egyenruh\u00e1dat, \u00e9s reggel sz\u00e1nj magadnak egy kicsit t\u00f6bb id\u0151t.<\/p>\n\n<p class=\"wp-block-paragraph\">\u00c9s ut\u00e1na?<\/p>\n\n<p class=\"wp-block-paragraph\"><strong>K\u00e9rdezz, figyelj, \u00e9s haszn\u00e1ld ki a tanul\u00e1si lehet\u0151s\u00e9geket! Az els\u0151 nap csak az els\u0151 alkalom. Minden k\u00f6vetkez\u0151 nap m\u00e1r egy kicsit k\u00f6nnyebb lesz.  <\/strong><\/p>\n\n<p class=\"wp-block-paragraph\">Sok sikert a szakmai gyakorlaton \u2013 szor\u00edtunk neked!<\/p>\n","protected":false},"excerpt":{"rendered":"<p>Az els\u0151 orvosi gyakorlat az egyik olyan pillanat az egyetemi \u00e9vek sor\u00e1n, amelyet egyszerre izgalommal v\u00e1runk \u00e9s enyhe fesz\u00fclts\u00e9ggel szeml\u00e9l\u00fcnk. V\u00e9g\u00fcl is az elm\u00e9let tal\u00e1lkozik a val\u00f3s\u00e1ggal, \u00e9s az el\u0151ad\u00f3termek hely\u00e9t \u00e1tveszik a k\u00f3rh\u00e1zi folyos\u00f3k, rendel\u0151k, eg\u00e9szs\u00e9g\u00fcgyi k\u00f6zpontok \u00e9s egy\u00e9b int\u00e9zm\u00e9nyek, ahol az els\u0151 szakmai tapasztalatokat szerezhetj\u00fck. F\u00fcggetlen\u00fcl att\u00f3l, hogy orvostudom\u00e1nyt, \u00e1pol\u00e1st, gy\u00f3gytorn\u00e1t, fog\u00e1szatot, kozmetol\u00f3gi\u00e1t [&hellip;]<\/p>\n","protected":false},"author":47805,"featured_media":840051,"comment_status":"closed","ping_status":"open","sticky":false,"template":"","format":"standard","meta":{"_acf_changed":false,"inline_featured_image":false,"footnotes":""},"categories":[1],"tags":[],"class_list":["post-840061","post","type-post","status-publish","format-standard","has-post-thumbnail","hentry","category-bez-kategorii"],"acf":[],"_links":{"self":[{"href":"https:\/\/medandbeauty.com\/hu\/wp-json\/wp\/v2\/posts\/840061","targetHints":{"allow":["GET"]}}],"collection":[{"href":"https:\/\/medandbeauty.com\/hu\/wp-json\/wp\/v2\/posts"}],"about":[{"href":"https:\/\/medandbeauty.com\/hu\/wp-json\/wp\/v2\/types\/post"}],"author":[{"embeddable":true,"href":"https:\/\/medandbeauty.com\/hu\/wp-json\/wp\/v2\/users\/47805"}],"replies":[{"embeddable":true,"href":"https:\/\/medandbeauty.com\/hu\/wp-json\/wp\/v2\/comments?post=840061"}],"version-history":[{"count":1,"href":"https:\/\/medandbeauty.com\/hu\/wp-json\/wp\/v2\/posts\/840061\/revisions"}],"predecessor-version":[{"id":840062,"href":"https:\/\/medandbeauty.com\/hu\/wp-json\/wp\/v2\/posts\/840061\/revisions\/840062"}],"wp:featuredmedia":[{"embeddable":true,"href":"https:\/\/medandbeauty.com\/hu\/wp-json\/wp\/v2\/media\/840051"}],"wp:attachment":[{"href":"https:\/\/medandbeauty.com\/hu\/wp-json\/wp\/v2\/media?parent=840061"}],"wp:term":[{"taxonomy":"category","embeddable":true,"href":"https:\/\/medandbeauty.com\/hu\/wp-json\/wp\/v2\/categories?post=840061"},{"taxonomy":"post_tag","embeddable":true,"href":"https:\/\/medandbeauty.com\/hu\/wp-json\/wp\/v2\/tags?post=840061"}],"curies":[{"name":"wp","href":"https:\/\/api.w.org\/{rel}","templated":true}]}}